{"id":874,"date":"2014-09-16T12:49:43","date_gmt":"2014-09-16T12:49:43","guid":{"rendered":"http:\/\/www.ucse.edu.ar\/notiucse\/?p=874"},"modified":"2014-09-16T12:49:43","modified_gmt":"2014-09-16T12:49:43","slug":"la-ucse-en-el-v-seminario-de-investigacion-en-las-universidades-privadas-organizado-por-el-consejo-de-rectores-de-universidades-privadas-crup","status":"publish","type":"post","link":"https:\/\/www.ucse.edu.ar\/notiucse\/2014\/09\/16\/la-ucse-en-el-v-seminario-de-investigacion-en-las-universidades-privadas-organizado-por-el-consejo-de-rectores-de-universidades-privadas-crup\/","title":{"rendered":"La UCSE en el V Seminario de Investigaci\u00f3n en las Universidades Privadas organizado por el Consejo de Rectores de Universidades Privadas (CRUP)"},"content":{"rendered":"<p>Miembros de la Universidad Cat\u00f3lica de Santiago del Estero participaron con diversos roles y ponencias en el V Seminario de Investigaci\u00f3n del Consejo de Rectores de Universidades Privadas (CRUP) que se desarroll\u00f3 durante los d\u00edas 4 y 5 de septiembre en la ciudad aut\u00f3noma de Buenos Aires.<\/p>\n<p>El encuentro convoc\u00f3 a autoridades, investigadores, docentes y comunidades acad\u00e9micas de las universidades privadas del pa\u00eds con el objetivo de revisar, reflexionar abordar tem\u00e1ticas referidas a la situaci\u00f3n de la I+D a nivel internacional y regional, la evoluci\u00f3n de las actividades en las universidades privadas, las problem\u00e1ticas de cada \u00e1rea disciplinar, los asuntos y desaf\u00edos de formaci\u00f3n de investigadores, la promoci\u00f3n y los instrumentos de apoyo y financiamiento as\u00ed como las estrategias de vinculaci\u00f3n y transferencia para acordar directrices para las pol\u00edticas y actividades de generaci\u00f3n de conocimiento en las instituciones.<\/p>\n<p>La inauguraci\u00f3n del encuentro se llev\u00f3 a cabo el jueves 4\/09\/2014 y cont\u00f3 con la presencia del Ministro de Educaci\u00f3n, Alberto Sileoni; el Presidente del CRUP, Juan Carlos Mena; y el Subsecretario de Coordinaci\u00f3n Institucional del Ministerio Ciencia, Tecnolog\u00eda e Innovaci\u00f3n Productiva, Sergio Mateos. El acto de apertura continu\u00f3 con una Conferencia Plenaria de expositores internacionales como Osvaldo Barsky y Mario Albornoz quienes presentaron el estado de la investigaci\u00f3n en las Universidades Privadas. Joaqu\u00edn Bruner y Claudio Rama se sumaron al grupo de notables expositores del Seminario. Adem\u00e1s coordinaron un ateneo para Rectores sobre la naturaleza jur\u00eddica sin fines de lucro y sustentabilidad de las Universidades Privadas.<\/p>\n<p>&nbsp;<\/p>\n<p><a href=\"http:\/\/www.ucse.edu.ar\/notiucse\/wp-content\/uploads\/2014\/09\/img_20140904_101751_831_498x280.jpg\"><img fetchpriority=\"high\" decoding=\"async\" class=\"aligncenter size-full wp-image-876\" src=\"http:\/\/www.ucse.edu.ar\/notiucse\/wp-content\/uploads\/2014\/09\/img_20140904_101751_831_498x280.jpg\" alt=\"img_20140904_101751_831_498x280\" width=\"498\" height=\"280\" srcset=\"https:\/\/www.ucse.edu.ar\/notiucse\/wp-content\/uploads\/2014\/09\/img_20140904_101751_831_498x280.jpg 498w, https:\/\/www.ucse.edu.ar\/notiucse\/wp-content\/uploads\/2014\/09\/img_20140904_101751_831_498x280-300x168.jpg 300w, https:\/\/www.ucse.edu.ar\/notiucse\/wp-content\/uploads\/2014\/09\/img_20140904_101751_831_498x280-460x260.jpg 460w\" sizes=\"(max-width: 498px) 100vw, 498px\" \/><\/a><\/p>\n<p>Los representantes de la UCSE que participaron fueron: <strong>Ing. Mar\u00eda Mercedes Clusella Cornejo<\/strong>, como coordinadora de la comisi\u00f3n de Ciencias Aplicadas a la Ingenier\u00eda e Inform\u00e1tica (junto al <strong>Dr. Marcelo De Vincenzi<\/strong>, decano de la Facultad de Tecnolog\u00eda Inform\u00e1tica y Vicerrector de Gesti\u00f3n y Evaluaci\u00f3n de la UAI ) y con ponencia sobre el estado de la investigaci\u00f3n en UCSE. El <strong>Dr. Rodolfo Arancibia<\/strong> en la comisi\u00f3n de Ciencias Sociales (DAR), <strong>Dr, Ernesto Max Ag\u00fcero<\/strong> (DASS) y la presencia del Secretario de Ciencia y Tecnolog\u00eda<strong> Lic. V\u00edctor Manuel Feij\u00f3o<\/strong>.<\/p>\n<p>El evento se constituy\u00f3 en un \u00e1mbito propicio para la reflexi\u00f3n colectiva sobre las problem\u00e1ticas constitutivas de la actividad cient\u00edfica en las Universidades Privadas en lo referido a la relaci\u00f3n docencia-investigaci\u00f3n, la vinculaci\u00f3n inter-universitaria \u2013interinstitucional, l\u00edneas prioritarias de investigaci\u00f3n, los factores que dinamizan u obstaculizan a los grupos de investigadores desde la mirada de cada una de las universidades con el objeto de llegar a una conclusi\u00f3n reflexiva sobre los desaf\u00edos de la investigaci\u00f3n y el avance del conocimiento en las distintas disciplinas.<\/p>\n<p>M\u00e1s de 400 participantes le dieron marco al V Seminario \u201cLa Investigaci\u00f3n en las Universidades Privadas\u201d. El trabajo en las comisiones de debate dispuestas dio espacio para que m\u00e1s de 290 investigadores y directivos de las Universidades Privadas trabajaran en las conclusiones que fueron expuestas al cierre del evento y que marcan una l\u00ednea de desarrollo para las instituciones del sub sistema.<\/p>\n<p>En el acto de cierre de las Jornadas el Mg N\u00e9stor Blanco (Rector de UFLO y Vicepresidente 2do del CRUP) expuso sobre el balance de las jornadas afirmando que \u201cha sido un gran seminario, por la cantidad de participantes, por el nivel de los expositores, por la calidad del trabajo en comisiones y por el esfuerzo que las Universidades del CRUP hicieron para su concreci\u00f3n\u201d.<\/p>\n<p>A los interesados en acceder a la presentaci\u00f3n del estado de la investigaci\u00f3n en UCSE y al documento completo con las conclusiones de la Comisi\u00f3n de Ciencias Aplicadas a la Ingenier\u00eda e Inform\u00e1tica contactarse con Ing. Mar\u00eda Mercedes Clusella Cornejo (mail: mercedes.clusella@ucse.edu.ar).<\/p>\n","protected":false},"excerpt":{"rendered":"<p>Miembros de la Universidad Cat\u00f3lica de Santiago del Estero participaron con diversos roles y ponencias en el V Seminario de Investigaci\u00f3n del Consejo de Rectores de Universidades Privadas (CRUP) que se desarroll\u00f3 durante los d\u00edas 4 y 5 de septiembre en la ciudad aut\u00f3noma de Buenos Aires. El encuentro convoc\u00f3 a autoridades, investigadores, docentes y [&hellip;]<\/p>\n","protected":false},"author":1,"featured_media":876,"comment_status":"closed","ping_status":"closed","sticky":false,"template":"","format":"standard","meta":{"_exactmetrics_skip_tracking":false,"_exactmetrics_sitenote_active":false,"_exactmetrics_sitenote_note":"","_exactmetrics_sitenote_category":0,"footnotes":""},"categories":[19,20,72,1],"tags":[35,30,55,39,38],"_links":{"self":[{"href":"https:\/\/www.ucse.edu.ar\/notiucse\/wp-json\/wp\/v2\/posts\/874"}],"collection":[{"href":"https:\/\/www.ucse.edu.ar\/notiucse\/wp-json\/wp\/v2\/posts"}],"about":[{"href":"https:\/\/www.ucse.edu.ar\/notiucse\/wp-json\/wp\/v2\/types\/post"}],"author":[{"embeddable":true,"href":"https:\/\/www.ucse.edu.ar\/notiucse\/wp-json\/wp\/v2\/users\/1"}],"replies":[{"embeddable":true,"href":"https:\/\/www.ucse.edu.ar\/notiucse\/wp-json\/wp\/v2\/comments?post=874"}],"version-history":[{"count":1,"href":"https:\/\/www.ucse.edu.ar\/notiucse\/wp-json\/wp\/v2\/posts\/874\/revisions"}],"predecessor-version":[{"id":877,"href":"https:\/\/www.ucse.edu.ar\/notiucse\/wp-json\/wp\/v2\/posts\/874\/revisions\/877"}],"wp:featuredmedia":[{"embeddable":true,"href":"https:\/\/www.ucse.edu.ar\/notiucse\/wp-json\/wp\/v2\/media\/876"}],"wp:attachment":[{"href":"https:\/\/www.ucse.edu.ar\/notiucse\/wp-json\/wp\/v2\/media?parent=874"}],"wp:term":[{"taxonomy":"category","embeddable":true,"href":"https:\/\/www.ucse.edu.ar\/notiucse\/wp-json\/wp\/v2\/categories?post=874"},{"taxonomy":"post_tag","embeddable":true,"href":"https:\/\/www.ucse.edu.ar\/notiucse\/wp-json\/wp\/v2\/tags?post=874"}],"curies":[{"name":"wp","href":"https:\/\/api.w.org\/{rel}","templated":true}]}}