{"id":8772,"date":"2023-09-21T10:26:29","date_gmt":"2023-09-21T13:26:29","guid":{"rendered":"http:\/\/www.ucse.edu.ar\/notiucse\/?p=8772"},"modified":"2023-09-21T10:26:29","modified_gmt":"2023-09-21T13:26:29","slug":"se-realizo-la-charla-pensar-el-presente-desde-las-cosmovisiones-indigenas","status":"publish","type":"post","link":"https:\/\/www.ucse.edu.ar\/notiucse\/2023\/09\/21\/se-realizo-la-charla-pensar-el-presente-desde-las-cosmovisiones-indigenas\/","title":{"rendered":"SE REALIZ\u00d3 LA CHARLA &#8220;PENSAR EL PRESENTE DESDE LAS COSMOVISIONES IND\u00cdGENAS&#8221;"},"content":{"rendered":"<p style=\"text-align: justify;\"><a href=\"http:\/\/www.ucse.edu.ar\/notiucse\/wp-content\/uploads\/2023\/09\/61.png\"><img fetchpriority=\"high\" decoding=\"async\" class=\"alignnone size-full wp-image-8773\" src=\"http:\/\/www.ucse.edu.ar\/notiucse\/wp-content\/uploads\/2023\/09\/61.png\" alt=\"6\" width=\"1001\" height=\"667\" srcset=\"https:\/\/www.ucse.edu.ar\/notiucse\/wp-content\/uploads\/2023\/09\/61.png 1001w, https:\/\/www.ucse.edu.ar\/notiucse\/wp-content\/uploads\/2023\/09\/61-300x200.png 300w\" sizes=\"(max-width: 1001px) 100vw, 1001px\" \/><\/a><\/p>\n<p style=\"text-align: justify;\">El 4\u00b0 Congreso Internacional del Gran Chaco Americano est\u00e1 cada vez m\u00e1s cerca y para comenzar a vivirlo, se realiz\u00f3 una actividad pre-congreso, a cargo del ilustre Dr. Jos\u00e9 \u00c1ngel Quintero Weir, procedente de Venezuela, quien estuvo a cargo de una conferencia magistral denominada &#8220;Pensar el presente desde las cosmovisiones ind\u00edgenas&#8221;.<\/p>\n<p style=\"text-align: justify;\">Dicha actividad, de entrada libre y gratuita, se desarroll\u00f3 el martes 19 del corriente mes, en el sal\u00f3n Auditorio de la UCSE, con la presencia del eminente acad\u00e9mico de la Universidad de Zulia y pionero en la creaci\u00f3n de la Universidad Aut\u00f3noma Ind\u00edgena.<\/p>\n<p style=\"text-align: justify;\">Esta conferencia fue unas de las actividades previas al 4\u00b0 Congreso Internacional del Gran Chaco Americano que se desarrollar\u00e1 en el Nodo Tecnol\u00f3gico el 4,5 y 6 de octubre, bajo lema &#8220;Desaf\u00edos y Disputas en la Construcci\u00f3n y Deconstrucci\u00f3n de Sentidos&#8221;.<\/p>\n<p style=\"text-align: justify;\">Este importante evento es organizado por el INTA, INTI, UCSE, UNSE y el Gobierno de la Provincia de Santiago del Estero, reunir\u00e1 a expertos de diversas naciones, incluyendo Brasil, Paraguay, Bolivia, Espa\u00f1a y Venezuela, as\u00ed como representantes de m\u00e1s de 17 provincias argentinas.<\/p>\n","protected":false},"excerpt":{"rendered":"<p>El 4\u00b0 Congreso Internacional del Gran Chaco Americano est\u00e1 cada vez m\u00e1s cerca y para comenzar a vivirlo, se realiz\u00f3 una actividad pre-congreso, a cargo del ilustre Dr. Jos\u00e9 \u00c1ngel Quintero Weir, procedente de Venezuela, quien estuvo a cargo de una conferencia magistral denominada &#8220;Pensar el presente desde las cosmovisiones ind\u00edgenas&#8221;. Dicha actividad, de entrada [&hellip;]<\/p>\n","protected":false},"author":1,"featured_media":8773,"comment_status":"closed","ping_status":"closed","sticky":false,"template":"","format":"standard","meta":{"_exactmetrics_skip_tracking":false,"_exactmetrics_sitenote_active":false,"_exactmetrics_sitenote_note":"","_exactmetrics_sitenote_category":0,"footnotes":""},"categories":[73,72],"tags":[],"_links":{"self":[{"href":"https:\/\/www.ucse.edu.ar\/notiucse\/wp-json\/wp\/v2\/posts\/8772"}],"collection":[{"href":"https:\/\/www.ucse.edu.ar\/notiucse\/wp-json\/wp\/v2\/posts"}],"about":[{"href":"https:\/\/www.ucse.edu.ar\/notiucse\/wp-json\/wp\/v2\/types\/post"}],"author":[{"embeddable":true,"href":"https:\/\/www.ucse.edu.ar\/notiucse\/wp-json\/wp\/v2\/users\/1"}],"replies":[{"embeddable":true,"href":"https:\/\/www.ucse.edu.ar\/notiucse\/wp-json\/wp\/v2\/comments?post=8772"}],"version-history":[{"count":1,"href":"https:\/\/www.ucse.edu.ar\/notiucse\/wp-json\/wp\/v2\/posts\/8772\/revisions"}],"predecessor-version":[{"id":8774,"href":"https:\/\/www.ucse.edu.ar\/notiucse\/wp-json\/wp\/v2\/posts\/8772\/revisions\/8774"}],"wp:featuredmedia":[{"embeddable":true,"href":"https:\/\/www.ucse.edu.ar\/notiucse\/wp-json\/wp\/v2\/media\/8773"}],"wp:attachment":[{"href":"https:\/\/www.ucse.edu.ar\/notiucse\/wp-json\/wp\/v2\/media?parent=8772"}],"wp:term":[{"taxonomy":"category","embeddable":true,"href":"https:\/\/www.ucse.edu.ar\/notiucse\/wp-json\/wp\/v2\/categories?post=8772"},{"taxonomy":"post_tag","embeddable":true,"href":"https:\/\/www.ucse.edu.ar\/notiucse\/wp-json\/wp\/v2\/tags?post=8772"}],"curies":[{"name":"wp","href":"https:\/\/api.w.org\/{rel}","templated":true}]}}