{"id":8865,"date":"2023-10-12T09:48:29","date_gmt":"2023-10-12T12:48:29","guid":{"rendered":"http:\/\/www.ucse.edu.ar\/notiucse\/?p=8865"},"modified":"2024-03-01T12:25:01","modified_gmt":"2024-03-01T15:25:01","slug":"comenzo-el-curso-de-relaciones-publicas-empresariales","status":"publish","type":"post","link":"https:\/\/www.ucse.edu.ar\/notiucse\/2023\/10\/12\/comenzo-el-curso-de-relaciones-publicas-empresariales\/","title":{"rendered":"Comenz\u00f3 el curso de Relaciones P\u00fablicas Empresariales"},"content":{"rendered":"<p style=\"text-align: justify;\"><a href=\"http:\/\/www.ucse.edu.ar\/notiucse\/wp-content\/uploads\/2023\/10\/Curso-de-Relaciones-P\u00fablicas-Empresariales2.jpeg\"><img fetchpriority=\"high\" decoding=\"async\" class=\"alignnone size-full wp-image-8866\" src=\"http:\/\/www.ucse.edu.ar\/notiucse\/wp-content\/uploads\/2023\/10\/Curso-de-Relaciones-P\u00fablicas-Empresariales2.jpeg\" alt=\"Curso de Relaciones P\u00fablicas Empresariales2\" width=\"1500\" height=\"1000\" srcset=\"https:\/\/www.ucse.edu.ar\/notiucse\/wp-content\/uploads\/2023\/10\/Curso-de-Relaciones-P\u00fablicas-Empresariales2.jpeg 1500w, https:\/\/www.ucse.edu.ar\/notiucse\/wp-content\/uploads\/2023\/10\/Curso-de-Relaciones-P\u00fablicas-Empresariales2-300x200.jpeg 300w, https:\/\/www.ucse.edu.ar\/notiucse\/wp-content\/uploads\/2023\/10\/Curso-de-Relaciones-P\u00fablicas-Empresariales2-1024x683.jpeg 1024w\" sizes=\"(max-width: 1500px) 100vw, 1500px\" \/><\/a><\/p>\n<p style=\"text-align: justify;\">El pasado viernes 6 dio inicio el Curso de Relaciones P\u00fablicas Empresariales, organizado desde la Facultad de Ciencias Econ\u00f3micas, a cargo de dos destacados expertos como docentes: el Dr. Cristian Baquero Lazcano y el Dip. Univ. Mariano Escobar.<\/p>\n<p style=\"text-align: justify;\">Este curso se organiza en 4 encuentros, bajo la modalidad h\u00edbrida.<\/p>\n<p style=\"text-align: justify;\">Participan de esta capacitaci\u00f3n empresarios, emprendedores, comunicadores, agentes de marketing, community manager, estudiantes de turismo y afines.<\/p>\n<p style=\"text-align: justify;\">Los pr\u00f3ximos encuentros del Curso de Relaciones P\u00fablicas Empresariales se llevar\u00e1n a cabo el 13, 20 y 27 de octubre.<\/p>\n","protected":false},"excerpt":{"rendered":"<p>El pasado viernes 6 dio inicio el Curso de Relaciones P\u00fablicas Empresariales, organizado desde la Facultad de Ciencias Econ\u00f3micas, a cargo de dos destacados expertos como docentes: el Dr. Cristian Baquero Lazcano y el Dip. Univ. Mariano Escobar. Este curso se organiza en 4 encuentros, bajo la modalidad h\u00edbrida. Participan de esta capacitaci\u00f3n empresarios, emprendedores, [&hellip;]<\/p>\n","protected":false},"author":1,"featured_media":8867,"comment_status":"closed","ping_status":"closed","sticky":false,"template":"","format":"standard","meta":{"_exactmetrics_skip_tracking":false,"_exactmetrics_sitenote_active":false,"_exactmetrics_sitenote_note":"","_exactmetrics_sitenote_category":0,"footnotes":""},"categories":[8,72],"tags":[],"_links":{"self":[{"href":"https:\/\/www.ucse.edu.ar\/notiucse\/wp-json\/wp\/v2\/posts\/8865"}],"collection":[{"href":"https:\/\/www.ucse.edu.ar\/notiucse\/wp-json\/wp\/v2\/posts"}],"about":[{"href":"https:\/\/www.ucse.edu.ar\/notiucse\/wp-json\/wp\/v2\/types\/post"}],"author":[{"embeddable":true,"href":"https:\/\/www.ucse.edu.ar\/notiucse\/wp-json\/wp\/v2\/users\/1"}],"replies":[{"embeddable":true,"href":"https:\/\/www.ucse.edu.ar\/notiucse\/wp-json\/wp\/v2\/comments?post=8865"}],"version-history":[{"count":2,"href":"https:\/\/www.ucse.edu.ar\/notiucse\/wp-json\/wp\/v2\/posts\/8865\/revisions"}],"predecessor-version":[{"id":9623,"href":"https:\/\/www.ucse.edu.ar\/notiucse\/wp-json\/wp\/v2\/posts\/8865\/revisions\/9623"}],"wp:featuredmedia":[{"embeddable":true,"href":"https:\/\/www.ucse.edu.ar\/notiucse\/wp-json\/wp\/v2\/media\/8867"}],"wp:attachment":[{"href":"https:\/\/www.ucse.edu.ar\/notiucse\/wp-json\/wp\/v2\/media?parent=8865"}],"wp:term":[{"taxonomy":"category","embeddable":true,"href":"https:\/\/www.ucse.edu.ar\/notiucse\/wp-json\/wp\/v2\/categories?post=8865"},{"taxonomy":"post_tag","embeddable":true,"href":"https:\/\/www.ucse.edu.ar\/notiucse\/wp-json\/wp\/v2\/tags?post=8865"}],"curies":[{"name":"wp","href":"https:\/\/api.w.org\/{rel}","templated":true}]}}