{"id":8882,"date":"2023-10-12T10:05:31","date_gmt":"2023-10-12T13:05:31","guid":{"rendered":"http:\/\/www.ucse.edu.ar\/notiucse\/?p=8882"},"modified":"2023-10-18T11:04:45","modified_gmt":"2023-10-18T14:04:45","slug":"exitosa-4ta-edicion-del-congreso-internacional-gran-chaco-americano","status":"publish","type":"post","link":"https:\/\/www.ucse.edu.ar\/notiucse\/2023\/10\/12\/exitosa-4ta-edicion-del-congreso-internacional-gran-chaco-americano\/","title":{"rendered":"EXITOSA 4TA EDICI\u00d3N DEL CONGRESO INTERNACIONAL GRAN CHACO AMERICANO"},"content":{"rendered":"<p style=\"text-align: justify;\"><a href=\"http:\/\/www.ucse.edu.ar\/notiucse\/wp-content\/uploads\/2023\/10\/385257899_629714902668853_8513205724170597666_n.jpg\"><img fetchpriority=\"high\" decoding=\"async\" class=\"alignnone size-full wp-image-8883\" src=\"http:\/\/www.ucse.edu.ar\/notiucse\/wp-content\/uploads\/2023\/10\/385257899_629714902668853_8513205724170597666_n.jpg\" alt=\"385257899_629714902668853_8513205724170597666_n\" width=\"2048\" height=\"1365\" srcset=\"https:\/\/www.ucse.edu.ar\/notiucse\/wp-content\/uploads\/2023\/10\/385257899_629714902668853_8513205724170597666_n.jpg 2048w, https:\/\/www.ucse.edu.ar\/notiucse\/wp-content\/uploads\/2023\/10\/385257899_629714902668853_8513205724170597666_n-300x200.jpg 300w, https:\/\/www.ucse.edu.ar\/notiucse\/wp-content\/uploads\/2023\/10\/385257899_629714902668853_8513205724170597666_n-1024x683.jpg 1024w\" sizes=\"(max-width: 2048px) 100vw, 2048px\" \/><\/a><\/p>\n<p style=\"text-align: justify;\">Se realiz\u00f3 la 4ta edici\u00f3n del Congreso Internacional Gran Chaco Americano: Territorio e Innovaci\u00f3n, bajo el lema \u201cDesaf\u00edos y disputas en la construcci\u00f3n y deconstrucci\u00f3n de sentidos\u201d. La UCSE fue uno de los organizadores y cont\u00f3 con la participaci\u00f3n de docentes, investigadores y becarios en coordinaci\u00f3n de mesas y en el desarrollo de ejes tem\u00e1ticos.<\/p>\n<p style=\"text-align: justify;\"><strong>Eje 1: Bienes y servicios naturales, biodiversidad y gesti\u00f3n ambiental en un contexto de crisis clim\u00e1tica<\/strong><\/p>\n<p><span style=\"text-decoration: underline;\">Ponentes<\/span>: Dra. CLAUDIA R. ZEMAN (FCPSyJ); MAURICIO EWENS (Estaci\u00f3n Experimental Fern\u00e1ndez)<\/p>\n<p style=\"text-align: justify;\"><strong>Eje 2:\u00a0Trabajo y procesos migratorios.<\/strong><\/p>\n<p><u>Coordinadores\u00a0de<\/u><u> mesa<\/u>: Dra. Ana Rosa Rodr\u00edguez; Dr. Ricardo Tahan.<\/p>\n<p><u>Ponentes<\/u>: MARIA JOSE MARTINEZ, ANA ROSA RODR\u00cdGUEZ; MARIA EMILIA SAYAVEDRA, MONICA VIVIANA MATTAR y ANA ROSA RODR\u00cdGUEZ por la FCPSyJ.<\/p>\n<p><strong>Eje 3<\/strong><strong>: Sistema pol\u00edtico: Sociedad, Organizaciones y Estado<\/strong><\/p>\n<p><u>Coordinadores de mesas<\/u>: Lic. Alejandro Safarov y Lic. Sergio Castanetto (DASS-UCSE); Lic. Mar\u00eda Jos\u00e9 Rondano; Lic. Paola Yorbandi y Dra. Marcia Zeman (FCPSyJ); Ing.Lilia Palomo; (FCID).<\/p>\n<p><u>Ponentes<\/u>: MARIA JOSE RONDANO VON ZEILAU, ALICIA CH\u00c1VEZ y EMANUEL MAXIMILIANO RUIZ (FCS) y PAOLA CYNTIA YORBANDI, STELLA AVILA; MART\u00cdN ALEJANDRO GALLARDO; MILAGROS CORONEL FONTI, JUAN CRUZ GONZALEZ, NAIARA MARTINEZ LARRED y TIAGO CARRASCO ANTONIZ (FCPSyJ)<\/p>\n<p style=\"text-align: justify;\"><strong>Eje 4: Derechos humanos: salud, g\u00e9nero y diversidad y acceso a la justicia<\/strong><\/p>\n<p><u>Coordinadores de mesa<\/u>: Lic. Esp. Lilia Marta Sapunar; Lic. Mar\u00eda Rosa Barbar\u00e1n; Ab. Esp. Jos\u00e9 Sebasti\u00e1n Barrionuevo.<\/p>\n<p><u>Ponentes<\/u>: VALENTINI CRISTINA ANAL\u00cdA (FCS), DILVA MARTINA, BASBUS MARIANA, MATURANA PAULA GABRIELA, PALAVECINO MARIA DE LAS MERCEDES BILOTTI (FCS); Ing. SILVINA MUES (FCID); LILIA M SAPUNAR, MANUEL SANTILLAN, ZAVALIA; SILVINA Y VILLARREAL; SANTIAGO CARABAJAL (FCPSyJ)<\/p>\n<p><strong>Eje 5: Comunicaci\u00f3n, educaci\u00f3n y cultura<\/strong><\/p>\n<p><u>Coordinador de mesa<\/u>: Mg. Daniela Machao.<\/p>\n<p><u>Ponentes:<\/u> ILEANA VILLAVICENCIO Y NORA E LOTO (FCS), MAR\u00cdA MERCEDES TENTI (FCPSyJ), BELEN CORONEL (FCE), FLORENCIA N ROBLEDO CHAMI y SOFIA M GARCIA INFANTE (FCS).<\/p>\n<p style=\"text-align: justify;\"><strong>Eje\u00a07\u00ba: Din\u00e1micas territoriales, escenarios de cambio, conflicto y alternativas<\/strong><\/p>\n<p><u>Coordinador mesa<\/u>: Lic. Esp. Mirta Caumo.<\/p>\n<p><u>Ponentes:<\/u> OSVALDO SANTILL\u00c1N; JUAN FAVORETTI; ANA GIORIA (CENTRO DE GEOGRAFIA FCPSyJ).<\/p>\n<p><strong>Eje 8: Econom\u00eda y producci\u00f3n sostenible. <\/strong><\/p>\n<p><u>Coordinador de mesa:<\/u> Lic. Cesar Bonacina.<\/p>\n<p><u>Ponentes<\/u>: MONICA MONTENEGRO (UCSE-DASS), MARIANO JUAN PARNAS; CLAUDIA YESICA FONZO BOLA\u00d1EZ, KEYLA DAIANA, PEREZ MARIA MILAGROS, GIRAUDO MARIA A. y MONJES ROSALES (FCE). MIGUEL AGUSTIN TORRES (FCPSyJ)<\/p>\n<p><strong>Eje 9: industria, energ\u00eda, tecnolog\u00edas e innovaciones sociot\u00e9cnicas<\/strong>.<\/p>\n<p><span style=\"text-decoration: underline;\">Coordinadores de mesa:<\/span> Ing. en Computaci\u00f3n Ra\u00fal Ola (FCID). Ing. en Computaci\u00f3n Marcela Rafael (FCID)<\/p>\n<p><u>Ponente<\/u>: GIANNINA NEDIANI (FCPSyJ)<\/p>\n","protected":false},"excerpt":{"rendered":"<p>Se realiz\u00f3 la 4ta edici\u00f3n del Congreso Internacional Gran Chaco Americano: Territorio e Innovaci\u00f3n, bajo el lema \u201cDesaf\u00edos y disputas en la construcci\u00f3n y deconstrucci\u00f3n de sentidos\u201d. La UCSE fue uno de los organizadores y cont\u00f3 con la participaci\u00f3n de docentes, investigadores y becarios en coordinaci\u00f3n de mesas y en el desarrollo de ejes tem\u00e1ticos. [&hellip;]<\/p>\n","protected":false},"author":1,"featured_media":8884,"comment_status":"closed","ping_status":"closed","sticky":false,"template":"","format":"standard","meta":{"_exactmetrics_skip_tracking":false,"_exactmetrics_sitenote_active":false,"_exactmetrics_sitenote_note":"","_exactmetrics_sitenote_category":0,"footnotes":""},"categories":[73,72],"tags":[],"_links":{"self":[{"href":"https:\/\/www.ucse.edu.ar\/notiucse\/wp-json\/wp\/v2\/posts\/8882"}],"collection":[{"href":"https:\/\/www.ucse.edu.ar\/notiucse\/wp-json\/wp\/v2\/posts"}],"about":[{"href":"https:\/\/www.ucse.edu.ar\/notiucse\/wp-json\/wp\/v2\/types\/post"}],"author":[{"embeddable":true,"href":"https:\/\/www.ucse.edu.ar\/notiucse\/wp-json\/wp\/v2\/users\/1"}],"replies":[{"embeddable":true,"href":"https:\/\/www.ucse.edu.ar\/notiucse\/wp-json\/wp\/v2\/comments?post=8882"}],"version-history":[{"count":4,"href":"https:\/\/www.ucse.edu.ar\/notiucse\/wp-json\/wp\/v2\/posts\/8882\/revisions"}],"predecessor-version":[{"id":8893,"href":"https:\/\/www.ucse.edu.ar\/notiucse\/wp-json\/wp\/v2\/posts\/8882\/revisions\/8893"}],"wp:featuredmedia":[{"embeddable":true,"href":"https:\/\/www.ucse.edu.ar\/notiucse\/wp-json\/wp\/v2\/media\/8884"}],"wp:attachment":[{"href":"https:\/\/www.ucse.edu.ar\/notiucse\/wp-json\/wp\/v2\/media?parent=8882"}],"wp:term":[{"taxonomy":"category","embeddable":true,"href":"https:\/\/www.ucse.edu.ar\/notiucse\/wp-json\/wp\/v2\/categories?post=8882"},{"taxonomy":"post_tag","embeddable":true,"href":"https:\/\/www.ucse.edu.ar\/notiucse\/wp-json\/wp\/v2\/tags?post=8882"}],"curies":[{"name":"wp","href":"https:\/\/api.w.org\/{rel}","templated":true}]}}