{"id":8911,"date":"2023-10-19T09:27:41","date_gmt":"2023-10-19T12:27:41","guid":{"rendered":"http:\/\/www.ucse.edu.ar\/notiucse\/?p=8911"},"modified":"2023-10-19T09:27:41","modified_gmt":"2023-10-19T12:27:41","slug":"la-ucse-realizo-la-lxvii-colacion-de-grados","status":"publish","type":"post","link":"https:\/\/www.ucse.edu.ar\/notiucse\/2023\/10\/19\/la-ucse-realizo-la-lxvii-colacion-de-grados\/","title":{"rendered":"LA UCSE REALIZ\u00d3 LA LXVII COLACI\u00d3N DE GRADOS"},"content":{"rendered":"<p style=\"text-align: justify;\"><a href=\"http:\/\/www.ucse.edu.ar\/notiucse\/wp-content\/uploads\/2023\/10\/colacion-ucse.jpg\"><img fetchpriority=\"high\" decoding=\"async\" class=\"alignnone size-full wp-image-8912\" src=\"http:\/\/www.ucse.edu.ar\/notiucse\/wp-content\/uploads\/2023\/10\/colacion-ucse.jpg\" alt=\"colacion ucse\" width=\"1999\" height=\"1333\" srcset=\"https:\/\/www.ucse.edu.ar\/notiucse\/wp-content\/uploads\/2023\/10\/colacion-ucse.jpg 1999w, https:\/\/www.ucse.edu.ar\/notiucse\/wp-content\/uploads\/2023\/10\/colacion-ucse-300x200.jpg 300w, https:\/\/www.ucse.edu.ar\/notiucse\/wp-content\/uploads\/2023\/10\/colacion-ucse-1024x683.jpg 1024w\" sizes=\"(max-width: 1999px) 100vw, 1999px\" \/><\/a><\/p>\n<p style=\"text-align: justify;\">Durante la ceremonia realizada el pasado jueves 12 en los jardines del Campus, recibieron sus diplomas quienes egresaron entre el 1 de abril y el 1 de septiembre del 2023.<\/p>\n<p style=\"text-align: justify;\">La ceremonia de la LXVII Colaci\u00f3n de Grados de la Universidad Cat\u00f3lica de Santiago del Estero fue presidida por el rector, Ing. Luis Eugenio Lucena, en compa\u00f1\u00eda de las autoridades de las facultades de Ciencias Pol\u00edticas, Sociales y Jur\u00eddicas; Ciencias Econ\u00f3micas; Ciencias de la Salud, y Ciencias para la Innovaci\u00f3n y el Desarrollo.<\/p>\n<p style=\"text-align: justify;\">Fue una nueva jornada emotiva, en la que los egresados estuvieron acompa\u00f1ados de sus familiares, amigos y la comunidad universitaria.<\/p>\n<p style=\"text-align: justify;\">Asimismo, se realiz\u00f3 la entrega de distinciones a quienes se destacaron por sus promedios y cumplieron con todas las exigencias acad\u00e9micas para obtener Menci\u00f3n de Honor, Cum Laude, Magna Cum Laude y Summa Cum Laude.<\/p>\n<p style=\"text-align: justify;\">Como cada acto, el alumno con el mejor promedio entre todos los egresados brind\u00f3 unas palabras emotivas, d\u00e1ndole un cierre a esta etapa tan importante de sus vidas. En esta ceremonia el discurso le correspondi\u00f3 a L\u00eda Anabella Rodr\u00edguez Gerez, licenciada en Psicopedagog\u00eda.<\/p>\n","protected":false},"excerpt":{"rendered":"<p>Durante la ceremonia realizada el pasado jueves 12 en los jardines del Campus, recibieron sus diplomas quienes egresaron entre el 1 de abril y el 1 de septiembre del 2023. La ceremonia de la LXVII Colaci\u00f3n de Grados de la Universidad Cat\u00f3lica de Santiago del Estero fue presidida por el rector, Ing. Luis Eugenio Lucena, [&hellip;]<\/p>\n","protected":false},"author":1,"featured_media":8913,"comment_status":"closed","ping_status":"closed","sticky":false,"template":"","format":"standard","meta":{"_exactmetrics_skip_tracking":false,"_exactmetrics_sitenote_active":false,"_exactmetrics_sitenote_note":"","_exactmetrics_sitenote_category":0,"footnotes":""},"categories":[73,72],"tags":[],"_links":{"self":[{"href":"https:\/\/www.ucse.edu.ar\/notiucse\/wp-json\/wp\/v2\/posts\/8911"}],"collection":[{"href":"https:\/\/www.ucse.edu.ar\/notiucse\/wp-json\/wp\/v2\/posts"}],"about":[{"href":"https:\/\/www.ucse.edu.ar\/notiucse\/wp-json\/wp\/v2\/types\/post"}],"author":[{"embeddable":true,"href":"https:\/\/www.ucse.edu.ar\/notiucse\/wp-json\/wp\/v2\/users\/1"}],"replies":[{"embeddable":true,"href":"https:\/\/www.ucse.edu.ar\/notiucse\/wp-json\/wp\/v2\/comments?post=8911"}],"version-history":[{"count":1,"href":"https:\/\/www.ucse.edu.ar\/notiucse\/wp-json\/wp\/v2\/posts\/8911\/revisions"}],"predecessor-version":[{"id":8914,"href":"https:\/\/www.ucse.edu.ar\/notiucse\/wp-json\/wp\/v2\/posts\/8911\/revisions\/8914"}],"wp:featuredmedia":[{"embeddable":true,"href":"https:\/\/www.ucse.edu.ar\/notiucse\/wp-json\/wp\/v2\/media\/8913"}],"wp:attachment":[{"href":"https:\/\/www.ucse.edu.ar\/notiucse\/wp-json\/wp\/v2\/media?parent=8911"}],"wp:term":[{"taxonomy":"category","embeddable":true,"href":"https:\/\/www.ucse.edu.ar\/notiucse\/wp-json\/wp\/v2\/categories?post=8911"},{"taxonomy":"post_tag","embeddable":true,"href":"https:\/\/www.ucse.edu.ar\/notiucse\/wp-json\/wp\/v2\/tags?post=8911"}],"curies":[{"name":"wp","href":"https:\/\/api.w.org\/{rel}","templated":true}]}}