{"id":8963,"date":"2023-11-03T08:54:31","date_gmt":"2023-11-03T11:54:31","guid":{"rendered":"http:\/\/www.ucse.edu.ar\/notiucse\/?p=8963"},"modified":"2023-11-03T08:54:31","modified_gmt":"2023-11-03T11:54:31","slug":"la-ucse-participo-del-congreso-de-tecnologias-para-la-accesibilidad","status":"publish","type":"post","link":"https:\/\/www.ucse.edu.ar\/notiucse\/2023\/11\/03\/la-ucse-participo-del-congreso-de-tecnologias-para-la-accesibilidad\/","title":{"rendered":"LA UCSE PARTICIP\u00d3 DEL CONGRESO DE TECNOLOG\u00cdAS PARA LA ACCESIBILIDAD"},"content":{"rendered":"<p style=\"text-align: justify;\"><a href=\"http:\/\/www.ucse.edu.ar\/notiucse\/wp-content\/uploads\/2023\/11\/congreso-de-accesibilidad.jpg\"><img fetchpriority=\"high\" decoding=\"async\" class=\"alignnone size-full wp-image-8965\" src=\"http:\/\/www.ucse.edu.ar\/notiucse\/wp-content\/uploads\/2023\/11\/congreso-de-accesibilidad.jpg\" alt=\"congreso de accesibilidad\" width=\"2048\" height=\"1365\" srcset=\"https:\/\/www.ucse.edu.ar\/notiucse\/wp-content\/uploads\/2023\/11\/congreso-de-accesibilidad.jpg 2048w, https:\/\/www.ucse.edu.ar\/notiucse\/wp-content\/uploads\/2023\/11\/congreso-de-accesibilidad-300x200.jpg 300w, https:\/\/www.ucse.edu.ar\/notiucse\/wp-content\/uploads\/2023\/11\/congreso-de-accesibilidad-1024x683.jpg 1024w\" sizes=\"(max-width: 2048px) 100vw, 2048px\" \/><\/a><\/p>\n<p style=\"text-align: justify;\">El 26 y 27 de octubre se llev\u00f3 a cabo el Congreso de Tecnolog\u00edas para la Accesibilidad, organizado por el Sistema Integrado de Ciencia, Innovaci\u00f3n y Tecnolog\u00edas de Santiago del Estero (SICIyT) en el Nodo Tecnol\u00f3gico.<\/p>\n<p style=\"text-align: justify;\">La UCSE forma parte del SICIyT, junto con la Universidad Nacional de Santiago del Estero, Instituto Nacional de Tecnolog\u00eda Industrial, Instituto Nacional de Tecnolog\u00eda Agropecuaria y la Secretar\u00eda de Ciencia y Tecnolog\u00eda de la Provincia.<\/p>\n<p style=\"text-align: justify;\">Durante el congreso se abordaron tem\u00e1ticas referentes a derechos de las personas con discapacidad, aplicaci\u00f3n y normativa; tecnolog\u00edas desarrolladas para la soluci\u00f3n de movilidad o potenciamiento de capacidades y aplicaciones inform\u00e1ticas para telefon\u00eda m\u00f3vil, entre otros.<\/p>\n<p style=\"text-align: justify;\">Expusieron emprendedores con prototipos y productos de dise\u00f1o aplicados al uso y cotidianeidad de las personas con discapacidad.<\/p>\n<p style=\"text-align: justify;\">Para nuestra instituci\u00f3n es un orgullo haber coorganizado el congreso que nos compromete a impulsar a\u00fan m\u00e1s la agenda de la Educaci\u00f3n para Todos para 2030, en la promoci\u00f3n de la inclusi\u00f3n y la igualdad de oportunidades para todas las personas.<\/p>\n<p style=\"text-align: justify;\">Estuvieron presentes por parte de UCSE:<\/p>\n<p style=\"text-align: justify;\">Rector, Ing. Luis Lucena; Secretaria Ciencia y T\u00e9cnica, Ing. Mercedes Clusellas; Decana Facultad Ciencias de la Salud, Lic. Mar\u00eda Rosa Barbaran; Directora de Lic. en Educaci\u00f3n Especial, Lic. Natalia Del Rio. Director de la Licenciatura en Educaci\u00f3n F\u00edsica y Deporte, Prof. Jos\u00e9 Maccio; Docente de la c\u00e1tedra de Discapacidad y Deportes, Prof. Diego Ledesma y Docente de la Licenciatura en Psicopedagog\u00eda, Prof. Patricia Mart\u00ednez.<\/p>\n","protected":false},"excerpt":{"rendered":"<p>El 26 y 27 de octubre se llev\u00f3 a cabo el Congreso de Tecnolog\u00edas para la Accesibilidad, organizado por el Sistema Integrado de Ciencia, Innovaci\u00f3n y Tecnolog\u00edas de Santiago del Estero (SICIyT) en el Nodo Tecnol\u00f3gico. La UCSE forma parte del SICIyT, junto con la Universidad Nacional de Santiago del Estero, Instituto Nacional de Tecnolog\u00eda [&hellip;]<\/p>\n","protected":false},"author":1,"featured_media":8964,"comment_status":"closed","ping_status":"closed","sticky":false,"template":"","format":"standard","meta":{"_exactmetrics_skip_tracking":false,"_exactmetrics_sitenote_active":false,"_exactmetrics_sitenote_note":"","_exactmetrics_sitenote_category":0,"footnotes":""},"categories":[73,72],"tags":[],"_links":{"self":[{"href":"https:\/\/www.ucse.edu.ar\/notiucse\/wp-json\/wp\/v2\/posts\/8963"}],"collection":[{"href":"https:\/\/www.ucse.edu.ar\/notiucse\/wp-json\/wp\/v2\/posts"}],"about":[{"href":"https:\/\/www.ucse.edu.ar\/notiucse\/wp-json\/wp\/v2\/types\/post"}],"author":[{"embeddable":true,"href":"https:\/\/www.ucse.edu.ar\/notiucse\/wp-json\/wp\/v2\/users\/1"}],"replies":[{"embeddable":true,"href":"https:\/\/www.ucse.edu.ar\/notiucse\/wp-json\/wp\/v2\/comments?post=8963"}],"version-history":[{"count":1,"href":"https:\/\/www.ucse.edu.ar\/notiucse\/wp-json\/wp\/v2\/posts\/8963\/revisions"}],"predecessor-version":[{"id":8966,"href":"https:\/\/www.ucse.edu.ar\/notiucse\/wp-json\/wp\/v2\/posts\/8963\/revisions\/8966"}],"wp:featuredmedia":[{"embeddable":true,"href":"https:\/\/www.ucse.edu.ar\/notiucse\/wp-json\/wp\/v2\/media\/8964"}],"wp:attachment":[{"href":"https:\/\/www.ucse.edu.ar\/notiucse\/wp-json\/wp\/v2\/media?parent=8963"}],"wp:term":[{"taxonomy":"category","embeddable":true,"href":"https:\/\/www.ucse.edu.ar\/notiucse\/wp-json\/wp\/v2\/categories?post=8963"},{"taxonomy":"post_tag","embeddable":true,"href":"https:\/\/www.ucse.edu.ar\/notiucse\/wp-json\/wp\/v2\/tags?post=8963"}],"curies":[{"name":"wp","href":"https:\/\/api.w.org\/{rel}","templated":true}]}}