{"id":8973,"date":"2023-11-03T09:27:00","date_gmt":"2023-11-03T12:27:00","guid":{"rendered":"http:\/\/www.ucse.edu.ar\/notiucse\/?p=8973"},"modified":"2023-11-03T09:27:00","modified_gmt":"2023-11-03T12:27:00","slug":"con-invitados-muy-especiales-se-vivio-la-semana-del-diseno-en-jujuy","status":"publish","type":"post","link":"https:\/\/www.ucse.edu.ar\/notiucse\/2023\/11\/03\/con-invitados-muy-especiales-se-vivio-la-semana-del-diseno-en-jujuy\/","title":{"rendered":"CON INVITADOS MUY ESPECIALES SE VIVI\u00d3 LA SEMANA DEL DISE\u00d1O EN JUJUY"},"content":{"rendered":"<p style=\"text-align: justify;\"><a href=\"http:\/\/www.ucse.edu.ar\/notiucse\/wp-content\/uploads\/2023\/11\/charla-JUJUY.jpg\"><img fetchpriority=\"high\" decoding=\"async\" class=\"alignnone size-full wp-image-8974\" src=\"http:\/\/www.ucse.edu.ar\/notiucse\/wp-content\/uploads\/2023\/11\/charla-JUJUY.jpg\" alt=\"charla JUJUY\" width=\"2048\" height=\"1365\" srcset=\"https:\/\/www.ucse.edu.ar\/notiucse\/wp-content\/uploads\/2023\/11\/charla-JUJUY.jpg 2048w, https:\/\/www.ucse.edu.ar\/notiucse\/wp-content\/uploads\/2023\/11\/charla-JUJUY-300x200.jpg 300w, https:\/\/www.ucse.edu.ar\/notiucse\/wp-content\/uploads\/2023\/11\/charla-JUJUY-1024x683.jpg 1024w\" sizes=\"(max-width: 2048px) 100vw, 2048px\" \/><\/a><\/p>\n<p style=\"text-align: justify;\">Del 23 al 27 de octubre, las carreras de Dise\u00f1o de la Comunicaci\u00f3n Visual y Dise\u00f1o Gr\u00e1fico de la sede Jujuy desplegaron m\u00faltiples actividades para celebrar la semana del Dise\u00f1o a ra\u00edz de conmemorarse el 24 de octubre el d\u00eda del Dise\u00f1ador Gr\u00e1fico argentino.<\/p>\n<p style=\"text-align: justify;\">En el edificio Anexo se mont\u00f3 una muestra de trabajos de estudiantes de las distintas c\u00e1tedras y se desarrollaron Talleres, Conferencias y Capacitaciones.<\/p>\n<p style=\"text-align: justify;\">La reconocida fot\u00f3grafa Florencia Blanco present\u00f3 su libro \u201cUna forma propia\u201d, en los pasillos se dict\u00f3 el Taller de Grabado Tramas Gr\u00e1ficas y el experimentado Dise\u00f1ador Germ\u00e1n Lang dio una conferencia presencial denominada \u201c\u00bfPara qui\u00e9n dise\u00f1amos? El dise\u00f1ador y su rol sociocultural\u201d.<\/p>\n<p style=\"text-align: justify;\">En ese marco, los estudiantes de 4to a\u00f1o presentaron la revista Comunika, nacida en el seno de la materia Dise\u00f1o Editorial.<\/p>\n<p style=\"text-align: justify;\">\u201cDise\u00f1o Muestra\u201d ya se convirti\u00f3 en una actividad anual que se despliega en Jujuy, posiciona sus carreras de Dise\u00f1o y concita el inter\u00e9s de la comunidad.<\/p>\n","protected":false},"excerpt":{"rendered":"<p>Del 23 al 27 de octubre, las carreras de Dise\u00f1o de la Comunicaci\u00f3n Visual y Dise\u00f1o Gr\u00e1fico de la sede Jujuy desplegaron m\u00faltiples actividades para celebrar la semana del Dise\u00f1o a ra\u00edz de conmemorarse el 24 de octubre el d\u00eda del Dise\u00f1ador Gr\u00e1fico argentino. En el edificio Anexo se mont\u00f3 una muestra de trabajos de [&hellip;]<\/p>\n","protected":false},"author":1,"featured_media":8975,"comment_status":"closed","ping_status":"closed","sticky":false,"template":"","format":"standard","meta":{"_exactmetrics_skip_tracking":false,"_exactmetrics_sitenote_active":false,"_exactmetrics_sitenote_note":"","_exactmetrics_sitenote_category":0,"footnotes":""},"categories":[1],"tags":[],"_links":{"self":[{"href":"https:\/\/www.ucse.edu.ar\/notiucse\/wp-json\/wp\/v2\/posts\/8973"}],"collection":[{"href":"https:\/\/www.ucse.edu.ar\/notiucse\/wp-json\/wp\/v2\/posts"}],"about":[{"href":"https:\/\/www.ucse.edu.ar\/notiucse\/wp-json\/wp\/v2\/types\/post"}],"author":[{"embeddable":true,"href":"https:\/\/www.ucse.edu.ar\/notiucse\/wp-json\/wp\/v2\/users\/1"}],"replies":[{"embeddable":true,"href":"https:\/\/www.ucse.edu.ar\/notiucse\/wp-json\/wp\/v2\/comments?post=8973"}],"version-history":[{"count":1,"href":"https:\/\/www.ucse.edu.ar\/notiucse\/wp-json\/wp\/v2\/posts\/8973\/revisions"}],"predecessor-version":[{"id":8976,"href":"https:\/\/www.ucse.edu.ar\/notiucse\/wp-json\/wp\/v2\/posts\/8973\/revisions\/8976"}],"wp:featuredmedia":[{"embeddable":true,"href":"https:\/\/www.ucse.edu.ar\/notiucse\/wp-json\/wp\/v2\/media\/8975"}],"wp:attachment":[{"href":"https:\/\/www.ucse.edu.ar\/notiucse\/wp-json\/wp\/v2\/media?parent=8973"}],"wp:term":[{"taxonomy":"category","embeddable":true,"href":"https:\/\/www.ucse.edu.ar\/notiucse\/wp-json\/wp\/v2\/categories?post=8973"},{"taxonomy":"post_tag","embeddable":true,"href":"https:\/\/www.ucse.edu.ar\/notiucse\/wp-json\/wp\/v2\/tags?post=8973"}],"curies":[{"name":"wp","href":"https:\/\/api.w.org\/{rel}","templated":true}]}}