{"id":9056,"date":"2023-11-14T12:40:10","date_gmt":"2023-11-14T15:40:10","guid":{"rendered":"http:\/\/www.ucse.edu.ar\/notiucse\/?p=9056"},"modified":"2023-11-14T12:40:38","modified_gmt":"2023-11-14T15:40:38","slug":"io-jornadas-laudae-deum","status":"publish","type":"post","link":"https:\/\/www.ucse.edu.ar\/notiucse\/2023\/11\/14\/io-jornadas-laudae-deum\/","title":{"rendered":"I\u00ba JORNADAS LAUDAE DEUM"},"content":{"rendered":"<p><a href=\"http:\/\/www.ucse.edu.ar\/notiucse\/wp-content\/uploads\/2023\/11\/8.png\"><img fetchpriority=\"high\" decoding=\"async\" class=\"alignnone size-full wp-image-9057\" src=\"http:\/\/www.ucse.edu.ar\/notiucse\/wp-content\/uploads\/2023\/11\/8.png\" alt=\"8\" width=\"1001\" height=\"667\" srcset=\"https:\/\/www.ucse.edu.ar\/notiucse\/wp-content\/uploads\/2023\/11\/8.png 1001w, https:\/\/www.ucse.edu.ar\/notiucse\/wp-content\/uploads\/2023\/11\/8-300x200.png 300w\" sizes=\"(max-width: 1001px) 100vw, 1001px\" \/><\/a><\/p>\n<p>Santiago del Estero, 6 de noviembre de 2023.<\/p>\n<p>Estimados hermanos:<\/p>\n<p>El pasado cuatro de octubre, el Papa Francisco promulgo la exhortaci\u00f3n apost\u00f3lica Laudate Deum (Alaben a Dios).<\/p>\n<p>El nuevo documento, es publicado a ocho a\u00f1os de la enc\u00edclica Laudato si (alabado seas) en la que, nos advert\u00eda sobre el rumbo suicida que ha tomado la humanidad, por el consumismo, y la explotaci\u00f3n irracional del planeta, en su af\u00e1n desaforado de riquezas.<\/p>\n<p>Haci\u00e9ndonos eco de esta convocatoria, las dos universidades de Santiago del Estero, la red de Universidades Laudato si, Pastoral Social de la Diocesis, la red\u00a0 eclesiale del gran Chaco y Acu\u00edfero Guaran\u00ed (REGCHAG), la Red Eclesial justicia y Paz en la Patria Grande, el Dicasterio para el Desarrollo Humano Integral, y CLAdeES, hemos organizado estas Jornadas Laudate Deum, a fin de presentar el documento y reflexionar sobre \u00e9l, buscando juntos\/as caminos de acci\u00f3n eficaces para el cuidado de nuestra casa com\u00fan, en este momento dram\u00e1tico que vive la humanidad.<\/p>\n<p>En tal sentido compartimos la 1\u00ba Circular informativa realiza por el Comit\u00e9 Organizador.<\/p>\n<p><strong>I\u00ba CIRCULAR INFORMATIVA<\/strong><\/p>\n<p><strong>T\u00edtulo: I\u00ba JORNADAS LAUDAE DEUM<\/strong><\/p>\n<p><strong>Modalidad: Mixta <\/strong>(Presencial y virtual)<\/p>\n<p><strong>Sedes del Encuentro: Sal\u00f3n Auditorio de la UCSE <\/strong><\/p>\n<p><strong>Otras: \u2026<\/strong><\/p>\n<p>Realizaci\u00f3n del acto inaugural y de los paneles de expositores\/as. Y dependencias para los trabajos y reuniones grupales. Adem\u00e1s, se reservar\u00e1n aulas de dimensiones adecuadas, y espacios abiertos.<\/p>\n<p>Durante el acto inaugural y el de cierre, esta presente el CORO ESTABLE DE LA UCSE, dirigido por el Mtro. Mariano Valladares.<\/p>\n<p><strong>Sedes territoriales:<\/strong><\/p>\n<p>Comunidades reunidas en un sal\u00f3n adecuado, con conectividad a internet, en sedes parroquiales, municipios, bibliotecas populares, clubs de barrios, locales de ONG, etc.<\/p>\n<p>Se invita a constituirse en sedes territoriales e informar a ese comit\u00e9 organizados hasta el viernes 17 de noviembre del a\u00f1o en curso.<\/p>\n<p><strong>Fecha:<\/strong><\/p>\n<p>Las Jornadas se realizar\u00e1n desde el 22 de noviembre a las 8:30 hs hasta el martes 23 de noviembre a las 14 hs.<\/p>\n<p><strong>M\u00e9todo:<\/strong><\/p>\n<p>Las Jornadas se realizar\u00e1n de acuerdo al M\u00e9todo<strong> Ver- Juzgar- Obrar. <\/strong>Con di\u00e1logos grupales y plenarios, procurando arribar a un documento final,<\/p>\n<p><strong>Ejes de trabajo<\/strong>:<\/p>\n<ul>\n<li><strong>Tierra y territorio<\/strong>: posesi\u00f3n de la tierra, agua, agronegocios, agrot\u00f3xicos.<\/li>\n<li><strong>Identidad<\/strong>: Cultura, diversidad cultural, cosmovisiones. Derechos humanos. migraci\u00f3n de poblaciones rurales a las ciudades, Consulta informada.<\/li>\n<li><strong>Eclesial<\/strong>: Pastorales en el territorio. Presencia de la iglesia en los conflictos. Dialogo interreligioso. Inculturaci\u00f3n del Evangelio. Articulaci\u00f3n con organismos estatales y organizaciones sociales.<\/li>\n<li><strong>Comunicaci\u00f3n: <\/strong>Medios de comunicaci\u00f3n. Redes Sociales. Comunicaci\u00f3n popular.<\/li>\n<\/ul>\n<p>&nbsp;<\/p>\n<p><strong>Expositores confirmados:<\/strong><\/p>\n<p><strong>mi\u00e9rcoles 22 a las 10,30 hs.<\/strong><\/p>\n<ul>\n<li>Emilse Cuda, Dra. en Teolog\u00eda, jefa de la Comisi\u00f3n Pontificia para Am\u00e9rica Latina.<\/li>\n<li>Humberto Podetti. Abogado. Presidente de la comisi\u00f3n de justicia y paz de la CEA.<\/li>\n<li>Miguel Cruz, secretario ejecutivo de la Red del Gran Chaco y el Acu\u00edfero Guaran\u00ed.<\/li>\n<li>Medardo \u00c1vila, coordinador de la red m\u00e9dicos de Pueblos fumigados.<\/li>\n<li>Florencia G\u00f3mez, Abogada experta en pol\u00edticas de tierras rurales. ex secretaria de Pol\u00edtica Ambiental y Recursos naturales.<\/li>\n<li>Mario Nudelman Dr. En Ingenier\u00eda Hidr\u00e1ulica y medioambiente. Docen-te investigador de la UADER.<\/li>\n<li>Mauricio L\u00f3pez coordinador de las Redes Eclesiales para la ecolog\u00eda integral.<\/li>\n<li>Antonio Gustavo G\u00f3mez Fiscal General ante la C\u00e1mara Federal en Ministerio P\u00fablico Fiscal de la Naci\u00f3n Fiscal General ante la C\u00e1mara Federal en Ministerio P\u00fablico Fiscal de la Naci\u00f3n.<\/li>\n<\/ul>\n<p>&nbsp;<\/p>\n<p><a href=\"http:\/\/www.ucse.edu.ar\/notiucse\/wp-content\/uploads\/2023\/11\/I\u00ba-CIRCULAR-JORNADA-LAUDATE-DEUM-8.pdf\" target=\"_blank\"><img decoding=\"async\" class=\"  aligncenter wp-image-2002\" src=\"http:\/\/www.ucse.edu.ar\/notiucse\/wp-content\/uploads\/2018\/03\/botondescarga.png\" alt=\"botondescarga\" width=\"139\" height=\"47\" srcset=\"https:\/\/www.ucse.edu.ar\/notiucse\/wp-content\/uploads\/2018\/03\/botondescarga.png 914w, https:\/\/www.ucse.edu.ar\/notiucse\/wp-content\/uploads\/2018\/03\/botondescarga-300x102.png 300w\" sizes=\"(max-width: 139px) 100vw, 139px\" \/><\/a><\/p>\n<p>&nbsp;<\/p>\n<p><strong>\u00a0<\/strong><\/p>\n<p>&nbsp;<\/p>\n<p>&nbsp;<\/p>\n","protected":false},"excerpt":{"rendered":"<p>Santiago del Estero, 6 de noviembre de 2023. Estimados hermanos: El pasado cuatro de octubre, el Papa Francisco promulgo la exhortaci\u00f3n apost\u00f3lica Laudate Deum (Alaben a Dios). El nuevo documento, es publicado a ocho a\u00f1os de la enc\u00edclica Laudato si (alabado seas) en la que, nos advert\u00eda sobre el rumbo suicida que ha tomado la [&hellip;]<\/p>\n","protected":false},"author":1,"featured_media":9057,"comment_status":"closed","ping_status":"closed","sticky":false,"template":"","format":"standard","meta":{"_exactmetrics_skip_tracking":false,"_exactmetrics_sitenote_active":false,"_exactmetrics_sitenote_note":"","_exactmetrics_sitenote_category":0,"footnotes":""},"categories":[73,72],"tags":[],"_links":{"self":[{"href":"https:\/\/www.ucse.edu.ar\/notiucse\/wp-json\/wp\/v2\/posts\/9056"}],"collection":[{"href":"https:\/\/www.ucse.edu.ar\/notiucse\/wp-json\/wp\/v2\/posts"}],"about":[{"href":"https:\/\/www.ucse.edu.ar\/notiucse\/wp-json\/wp\/v2\/types\/post"}],"author":[{"embeddable":true,"href":"https:\/\/www.ucse.edu.ar\/notiucse\/wp-json\/wp\/v2\/users\/1"}],"replies":[{"embeddable":true,"href":"https:\/\/www.ucse.edu.ar\/notiucse\/wp-json\/wp\/v2\/comments?post=9056"}],"version-history":[{"count":4,"href":"https:\/\/www.ucse.edu.ar\/notiucse\/wp-json\/wp\/v2\/posts\/9056\/revisions"}],"predecessor-version":[{"id":9061,"href":"https:\/\/www.ucse.edu.ar\/notiucse\/wp-json\/wp\/v2\/posts\/9056\/revisions\/9061"}],"wp:featuredmedia":[{"embeddable":true,"href":"https:\/\/www.ucse.edu.ar\/notiucse\/wp-json\/wp\/v2\/media\/9057"}],"wp:attachment":[{"href":"https:\/\/www.ucse.edu.ar\/notiucse\/wp-json\/wp\/v2\/media?parent=9056"}],"wp:term":[{"taxonomy":"category","embeddable":true,"href":"https:\/\/www.ucse.edu.ar\/notiucse\/wp-json\/wp\/v2\/categories?post=9056"},{"taxonomy":"post_tag","embeddable":true,"href":"https:\/\/www.ucse.edu.ar\/notiucse\/wp-json\/wp\/v2\/tags?post=9056"}],"curies":[{"name":"wp","href":"https:\/\/api.w.org\/{rel}","templated":true}]}}