{"id":9158,"date":"2023-12-06T10:08:15","date_gmt":"2023-12-06T13:08:15","guid":{"rendered":"http:\/\/www.ucse.edu.ar\/notiucse\/?p=9158"},"modified":"2023-12-06T10:08:15","modified_gmt":"2023-12-06T13:08:15","slug":"la-editorial-de-la-universidad-catolica-de-santiago-del-estero-presenta-la-edicion-de-cuatro-nuevos-libros","status":"publish","type":"post","link":"https:\/\/www.ucse.edu.ar\/notiucse\/2023\/12\/06\/la-editorial-de-la-universidad-catolica-de-santiago-del-estero-presenta-la-edicion-de-cuatro-nuevos-libros\/","title":{"rendered":"LA EDITORIAL DE LA UNIVERSIDAD CAT\u00d3LICA DE SANTIAGO DEL ESTERO PRESENTA LA EDICI\u00d3N DE CUATRO NUEVOS LIBROS"},"content":{"rendered":"<p style=\"text-align: justify;\"><a href=\"http:\/\/www.ucse.edu.ar\/notiucse\/wp-content\/uploads\/2023\/12\/6.png\"><img fetchpriority=\"high\" decoding=\"async\" class=\"alignnone size-full wp-image-9159\" src=\"http:\/\/www.ucse.edu.ar\/notiucse\/wp-content\/uploads\/2023\/12\/6.png\" alt=\"6\" width=\"941\" height=\"627\" srcset=\"https:\/\/www.ucse.edu.ar\/notiucse\/wp-content\/uploads\/2023\/12\/6.png 941w, https:\/\/www.ucse.edu.ar\/notiucse\/wp-content\/uploads\/2023\/12\/6-300x200.png 300w\" sizes=\"(max-width: 941px) 100vw, 941px\" \/><\/a><\/p>\n<p style=\"text-align: justify;\">\u201cEntre c\u00edrculos y nudos\u201d Una propuesta creativa sobre lo grupal: La tem\u00e1tica abordada en este texto convoca, provoca y anima a descubrir \u201clo grupal\u201d en su dimensi\u00f3n temporo-espacial, como el lugar de enlaces posibles que dan sentido, lazos que sostienen lo humano en tanto trama fundante de la vida. Ofreciendo a los estudiantes propuestas \u00e1ulicas de aprendizaje vivenciales en los que los protagonistas son ellos mismos, dando el sentido hist\u00f3rico necesario para comprender el tiempo donde se produce lo grupal.<\/p>\n<p style=\"text-align: justify;\">\u201cEl an\u00e1lisis de las instituciones educativas\u201d Herramientas para su ense\u00f1anza y aprendizaje: A modo de recuperar el trabajo intelectual y las formas discursivas de la Profesora Elsa Hern\u00e1ndez, se presenta una compilaci\u00f3n de los aportes generados desde su autor\u00eda, para quienes emprenden espacios de formaci\u00f3n en torno a la comprensi\u00f3n de lo institucional y de las instituciones educativas y socio-educativas propiamente dichas.<\/p>\n<p style=\"text-align: justify;\">\u201cDerecho internacional p\u00fablico\u201d: La obra se constituye en un aporte sumamente valioso a la problem\u00e1tica del Derecho Internacional P\u00fablico, y ser\u00e1 sin duda de lectura obligatoria tanto para docentes como para los alumnos de dicha \u00e1rea del conocimiento, que encontrar\u00e1n en sus p\u00e1ginas certeros elementos de juicio, e informaci\u00f3n relevante para comprender acabadamente los principios imperantes en la comunidad internacional. El texto es elaborado por Jos\u00e9 Antonio Musso.<\/p>\n<p style=\"text-align: justify;\">\u201cSobre los agentes f\u00edsicos en la rehabilitaci\u00f3n\u201d: A trav\u00e9s de este libro, se podr\u00e1 entender c\u00f3mo es la fisiolog\u00eda normal de los diferentes tejidos del cuerpo humano, c\u00f3mo reaccionan cuando se encuentran alterados los procesos normales y c\u00f3mo se pueden llegar a evaluar los mismos. Es all\u00ed donde comienza el detalle de los agentes f\u00edsicos; como se generan, cu\u00e1les son los diferentes componentes que hacen que \u00e9stos puedan interactuar con el organismo para lograr cumplir con los tratamientos dise\u00f1ados. Su autor es Jos\u00e9 Antonio Fern\u00e1ndez.<\/p>\n<p style=\"text-align: justify;\">Los textos ya est\u00e1n disponibles en el siguiente link: http:\/\/www.ucse.edu.ar\/libros\/Ediciones UCSE como espacio editor \/ editorial en la universidad, dependiente del Vicerrectorado Acad\u00e9mico, acreditada como tal por la CONEAU (Evaluaci\u00f3n Externa 2012), posee actualmente cuarenta a\u00f1os de vigencia institucional.<\/p>\n<p style=\"text-align: justify;\">En cuanto a criterios editoriales universitarios innovadores, a partir del a\u00f1o 2018 UCSE cuenta con una Pol\u00edtica de Gesti\u00f3n Editorial (RCS N\u00b0261\/2018), en el marco de una pol\u00edtica editorial UCSE (RCS N\u00b0568\/18), en activa implementaci\u00f3n y desarrollo.<\/p>\n<p style=\"text-align: justify;\">Ediciones UCSE se configura as\u00ed, como \u00fanico \u00e1mbito de producci\u00f3n para la edici\u00f3n, publicaci\u00f3n y divulgaci\u00f3n de los conocimientos producidos en la Universidad, por docentes e investigadores.<\/p>\n","protected":false},"excerpt":{"rendered":"<p>\u201cEntre c\u00edrculos y nudos\u201d Una propuesta creativa sobre lo grupal: La tem\u00e1tica abordada en este texto convoca, provoca y anima a descubrir \u201clo grupal\u201d en su dimensi\u00f3n temporo-espacial, como el lugar de enlaces posibles que dan sentido, lazos que sostienen lo humano en tanto trama fundante de la vida. Ofreciendo a los estudiantes propuestas \u00e1ulicas [&hellip;]<\/p>\n","protected":false},"author":1,"featured_media":9159,"comment_status":"closed","ping_status":"closed","sticky":false,"template":"","format":"standard","meta":{"_exactmetrics_skip_tracking":false,"_exactmetrics_sitenote_active":false,"_exactmetrics_sitenote_note":"","_exactmetrics_sitenote_category":0,"footnotes":""},"categories":[73,72],"tags":[],"_links":{"self":[{"href":"https:\/\/www.ucse.edu.ar\/notiucse\/wp-json\/wp\/v2\/posts\/9158"}],"collection":[{"href":"https:\/\/www.ucse.edu.ar\/notiucse\/wp-json\/wp\/v2\/posts"}],"about":[{"href":"https:\/\/www.ucse.edu.ar\/notiucse\/wp-json\/wp\/v2\/types\/post"}],"author":[{"embeddable":true,"href":"https:\/\/www.ucse.edu.ar\/notiucse\/wp-json\/wp\/v2\/users\/1"}],"replies":[{"embeddable":true,"href":"https:\/\/www.ucse.edu.ar\/notiucse\/wp-json\/wp\/v2\/comments?post=9158"}],"version-history":[{"count":1,"href":"https:\/\/www.ucse.edu.ar\/notiucse\/wp-json\/wp\/v2\/posts\/9158\/revisions"}],"predecessor-version":[{"id":9160,"href":"https:\/\/www.ucse.edu.ar\/notiucse\/wp-json\/wp\/v2\/posts\/9158\/revisions\/9160"}],"wp:featuredmedia":[{"embeddable":true,"href":"https:\/\/www.ucse.edu.ar\/notiucse\/wp-json\/wp\/v2\/media\/9159"}],"wp:attachment":[{"href":"https:\/\/www.ucse.edu.ar\/notiucse\/wp-json\/wp\/v2\/media?parent=9158"}],"wp:term":[{"taxonomy":"category","embeddable":true,"href":"https:\/\/www.ucse.edu.ar\/notiucse\/wp-json\/wp\/v2\/categories?post=9158"},{"taxonomy":"post_tag","embeddable":true,"href":"https:\/\/www.ucse.edu.ar\/notiucse\/wp-json\/wp\/v2\/tags?post=9158"}],"curies":[{"name":"wp","href":"https:\/\/api.w.org\/{rel}","templated":true}]}}