{"id":9205,"date":"2024-02-14T12:18:15","date_gmt":"2024-02-14T15:18:15","guid":{"rendered":"http:\/\/www.ucse.edu.ar\/notiucse\/?p=9205"},"modified":"2024-03-01T11:48:58","modified_gmt":"2024-03-01T14:48:58","slug":"universidad-catolica-de-santiago-del-estero-invita-a-celebrar-la-misa-de-miercoles-de-ceniza","status":"publish","type":"post","link":"https:\/\/www.ucse.edu.ar\/notiucse\/2024\/02\/14\/universidad-catolica-de-santiago-del-estero-invita-a-celebrar-la-misa-de-miercoles-de-ceniza\/","title":{"rendered":"Universidad Cat\u00f3lica de Santiago del Estero invita a celebrar la Misa de Mi\u00e9rcoles de Ceniza"},"content":{"rendered":"<p><a href=\"http:\/\/www.ucse.edu.ar\/notiucse\/wp-content\/uploads\/2024\/02\/8.png\"><img fetchpriority=\"high\" decoding=\"async\" class=\"alignnone size-full wp-image-9206\" src=\"http:\/\/www.ucse.edu.ar\/notiucse\/wp-content\/uploads\/2024\/02\/8.png\" alt=\"8\" width=\"941\" height=\"627\" srcset=\"https:\/\/www.ucse.edu.ar\/notiucse\/wp-content\/uploads\/2024\/02\/8.png 941w, https:\/\/www.ucse.edu.ar\/notiucse\/wp-content\/uploads\/2024\/02\/8-300x200.png 300w\" sizes=\"(max-width: 941px) 100vw, 941px\" \/><\/a><\/p>\n<p>La Universidad Cat\u00f3lica de Santiago del Estero extiende su cordial invitaci\u00f3n a toda la comunidad acad\u00e9mica y p\u00fablico general interesado para participar en la Misa de Mi\u00e9rcoles de Ceniza, que marcar\u00e1 el inicio de la Cuaresma.<\/p>\n<p>La celebraci\u00f3n se llevar\u00e1 a cabo este 14 de febrero a las 20 horas, en el sal\u00f3n Auditorium (UCSE) y ser\u00e1 presidida por Fray V\u00edctor Fern\u00e1ndez. Este significativo encuentro religioso proporcionar\u00e1 un espacio de oraci\u00f3n y reflexi\u00f3n donde se dar\u00e1 inicio al tiempo de preparaci\u00f3n para la celebraci\u00f3n de la Pascua.<\/p>\n<p>Agradecemos su participaci\u00f3n y los invitamos a unirse a nosotros en estos momentos de oraci\u00f3n, reflexi\u00f3n y comunidad.<\/p>\n","protected":false},"excerpt":{"rendered":"<p>La Universidad Cat\u00f3lica de Santiago del Estero extiende su cordial invitaci\u00f3n a toda la comunidad acad\u00e9mica y p\u00fablico general interesado para participar en la Misa de Mi\u00e9rcoles de Ceniza, que marcar\u00e1 el inicio de la Cuaresma. La celebraci\u00f3n se llevar\u00e1 a cabo este 14 de febrero a las 20 horas, en el sal\u00f3n Auditorium (UCSE) [&hellip;]<\/p>\n","protected":false},"author":1,"featured_media":9206,"comment_status":"closed","ping_status":"closed","sticky":false,"template":"","format":"standard","meta":{"_exactmetrics_skip_tracking":false,"_exactmetrics_sitenote_active":false,"_exactmetrics_sitenote_note":"","_exactmetrics_sitenote_category":0,"footnotes":""},"categories":[73,72],"tags":[],"_links":{"self":[{"href":"https:\/\/www.ucse.edu.ar\/notiucse\/wp-json\/wp\/v2\/posts\/9205"}],"collection":[{"href":"https:\/\/www.ucse.edu.ar\/notiucse\/wp-json\/wp\/v2\/posts"}],"about":[{"href":"https:\/\/www.ucse.edu.ar\/notiucse\/wp-json\/wp\/v2\/types\/post"}],"author":[{"embeddable":true,"href":"https:\/\/www.ucse.edu.ar\/notiucse\/wp-json\/wp\/v2\/users\/1"}],"replies":[{"embeddable":true,"href":"https:\/\/www.ucse.edu.ar\/notiucse\/wp-json\/wp\/v2\/comments?post=9205"}],"version-history":[{"count":2,"href":"https:\/\/www.ucse.edu.ar\/notiucse\/wp-json\/wp\/v2\/posts\/9205\/revisions"}],"predecessor-version":[{"id":9579,"href":"https:\/\/www.ucse.edu.ar\/notiucse\/wp-json\/wp\/v2\/posts\/9205\/revisions\/9579"}],"wp:featuredmedia":[{"embeddable":true,"href":"https:\/\/www.ucse.edu.ar\/notiucse\/wp-json\/wp\/v2\/media\/9206"}],"wp:attachment":[{"href":"https:\/\/www.ucse.edu.ar\/notiucse\/wp-json\/wp\/v2\/media?parent=9205"}],"wp:term":[{"taxonomy":"category","embeddable":true,"href":"https:\/\/www.ucse.edu.ar\/notiucse\/wp-json\/wp\/v2\/categories?post=9205"},{"taxonomy":"post_tag","embeddable":true,"href":"https:\/\/www.ucse.edu.ar\/notiucse\/wp-json\/wp\/v2\/tags?post=9205"}],"curies":[{"name":"wp","href":"https:\/\/api.w.org\/{rel}","templated":true}]}}