{"id":9208,"date":"2024-02-16T18:56:56","date_gmt":"2024-02-16T21:56:56","guid":{"rendered":"http:\/\/www.ucse.edu.ar\/notiucse\/?p=9208"},"modified":"2024-03-01T11:48:32","modified_gmt":"2024-03-01T14:48:32","slug":"la-universidad-catolica-de-santiago-del-estero-se-prepara-para-las-jornadas-internacionales-de-derecho-administrativo","status":"publish","type":"post","link":"https:\/\/www.ucse.edu.ar\/notiucse\/2024\/02\/16\/la-universidad-catolica-de-santiago-del-estero-se-prepara-para-las-jornadas-internacionales-de-derecho-administrativo\/","title":{"rendered":"La Universidad Cat\u00f3lica de Santiago del Estero se prepara para las Jornadas Internacionales de Derecho Administrativo"},"content":{"rendered":"<p style=\"text-align: justify;\"><a href=\"http:\/\/www.ucse.edu.ar\/notiucse\/wp-content\/uploads\/2024\/02\/Imagen-de-WhatsApp-2024-02-16-a-las-18.55.16_8630b8b2.jpg\"><img fetchpriority=\"high\" decoding=\"async\" class=\"alignnone size-full wp-image-9209\" src=\"http:\/\/www.ucse.edu.ar\/notiucse\/wp-content\/uploads\/2024\/02\/Imagen-de-WhatsApp-2024-02-16-a-las-18.55.16_8630b8b2.jpg\" alt=\"Imagen de WhatsApp 2024-02-16 a las 18.55.16_8630b8b2\" width=\"1600\" height=\"900\" srcset=\"https:\/\/www.ucse.edu.ar\/notiucse\/wp-content\/uploads\/2024\/02\/Imagen-de-WhatsApp-2024-02-16-a-las-18.55.16_8630b8b2.jpg 1600w, https:\/\/www.ucse.edu.ar\/notiucse\/wp-content\/uploads\/2024\/02\/Imagen-de-WhatsApp-2024-02-16-a-las-18.55.16_8630b8b2-300x169.jpg 300w, https:\/\/www.ucse.edu.ar\/notiucse\/wp-content\/uploads\/2024\/02\/Imagen-de-WhatsApp-2024-02-16-a-las-18.55.16_8630b8b2-1024x576.jpg 1024w\" sizes=\"(max-width: 1600px) 100vw, 1600px\" \/><\/a><\/p>\n<p style=\"text-align: justify;\">El pasado 15 de febrero, en el Palacio de Tribunales de Santiago del Estero, se llev\u00f3 a cabo una conferencia de prensa para anunciar con entusiasmo las pr\u00f3ximas Jornadas Internacionales de Derecho Administrativo. Este evento, que rendir\u00e1 homenaje a dos destacados juristas espa\u00f1oles, Eduardo Garc\u00eda de Entrerr\u00eda y Alejandro Nieto Garc\u00eda, cuenta con el respaldo de instituciones de renombre, consolidando su importancia a nivel nacional e internacional.<\/p>\n<p style=\"text-align: justify;\">Instituciones prestigiosas como la Universidad Cat\u00f3lica de Santiago del Estero, la Universidad Nacional de Santiago del Estero, el Poder Judicial de Santiago del Estero, la C\u00e1mara de Diputados, la Red Latinoamericana de Estudios e Investigaciones en Derechos Humanos y Humanitarios, y la Cruz Roja Santiago del Estero, respaldan y patrocinan estas jornadas, subrayando su magnitud y alcance.<\/p>\n<p style=\"text-align: justify;\">Este encuentro acad\u00e9mico, que se llevar\u00e1 a cabo los d\u00edas 19 y 20 de febrero, dar\u00e1 inicio en el excelent\u00edsimo Superior Tribunal de Justicia. La inauguraci\u00f3n contar\u00e1 con conferencias magistrales a cargo del Prof. Ricardo Alonso Garc\u00eda, decano y catedr\u00e1tico de Derecho Administrativo y de la Uni\u00f3n Europea de la Universidad Complutense de Madrid, el Prof. Dr. (HC) Eduardo Llugdar de la Universidad Nacional de Santiago del Estero, y el Dr. Roberto Pablo Sobrecasa de la Universidad de Tucum\u00e1n.<\/p>\n<p style=\"text-align: justify;\">El segundo d\u00eda de las Jornadas incluir\u00e1 la firma de un convenio trascendental, donde el Rector de la Universidad Cat\u00f3lica de Santiago del Estero, Ing. Luis Eugenio Lucena, resalt\u00f3 la importancia de la asociaci\u00f3n hist\u00f3rica con la Universidad Complutense de Madrid. Este convenio, seg\u00fan destac\u00f3, no solo beneficiar\u00e1 a la comunidad acad\u00e9mica y estudiantil, sino que tambi\u00e9n facilitar\u00e1 intercambios acad\u00e9micos entre ambos pa\u00edses y el desarrollo de cursos de actualizaci\u00f3n y capacitaci\u00f3n para profesionales del derecho.<\/p>\n<p style=\"text-align: justify;\">Con un cupo m\u00e1ximo de 200 participantes de manera presencial, las Jornadas Internacionales tambi\u00e9n ser\u00e1n transmitidas de manera asincr\u00f3nica para toda Latinoam\u00e9rica a trav\u00e9s de la plataforma de la Red Latinoamericana de Estudios e Investigaciones en Derechos Humanos y Humanitarios. Aquellos interesados en participar pueden registrar su inscripci\u00f3n accediendo al siguiente enlace: <a href=\"https:\/\/docs.google.com\/forms\/d\/e\/1FAIpQLSfN92gtDqNRxx1TK3YfOfnyoUgYRQYnFrCP-JmuHnONEBlFPg\/viewform\">https:\/\/docs.google.com\/forms\/d\/e\/1FAIpQLSfN92gtDqNRxx1TK3YfOfnyoUgYRQYnFrCP-JmuHnONEBlFPg\/viewform<\/a><\/p>\n<p style=\"text-align: justify;\">Estas jornadas prometen ser un espacio enriquecedor para el intercambio de conocimientos y experiencias, consolidando la relevancia de Santiago del Estero en el \u00e1mbito jur\u00eddico internacional.<\/p>\n","protected":false},"excerpt":{"rendered":"<p>El pasado 15 de febrero, en el Palacio de Tribunales de Santiago del Estero, se llev\u00f3 a cabo una conferencia de prensa para anunciar con entusiasmo las pr\u00f3ximas Jornadas Internacionales de Derecho Administrativo. Este evento, que rendir\u00e1 homenaje a dos destacados juristas espa\u00f1oles, Eduardo Garc\u00eda de Entrerr\u00eda y Alejandro Nieto Garc\u00eda, cuenta con el respaldo [&hellip;]<\/p>\n","protected":false},"author":1,"featured_media":9209,"comment_status":"closed","ping_status":"closed","sticky":false,"template":"","format":"standard","meta":{"_exactmetrics_skip_tracking":false,"_exactmetrics_sitenote_active":false,"_exactmetrics_sitenote_note":"","_exactmetrics_sitenote_category":0,"footnotes":""},"categories":[73,72],"tags":[],"_links":{"self":[{"href":"https:\/\/www.ucse.edu.ar\/notiucse\/wp-json\/wp\/v2\/posts\/9208"}],"collection":[{"href":"https:\/\/www.ucse.edu.ar\/notiucse\/wp-json\/wp\/v2\/posts"}],"about":[{"href":"https:\/\/www.ucse.edu.ar\/notiucse\/wp-json\/wp\/v2\/types\/post"}],"author":[{"embeddable":true,"href":"https:\/\/www.ucse.edu.ar\/notiucse\/wp-json\/wp\/v2\/users\/1"}],"replies":[{"embeddable":true,"href":"https:\/\/www.ucse.edu.ar\/notiucse\/wp-json\/wp\/v2\/comments?post=9208"}],"version-history":[{"count":3,"href":"https:\/\/www.ucse.edu.ar\/notiucse\/wp-json\/wp\/v2\/posts\/9208\/revisions"}],"predecessor-version":[{"id":9578,"href":"https:\/\/www.ucse.edu.ar\/notiucse\/wp-json\/wp\/v2\/posts\/9208\/revisions\/9578"}],"wp:featuredmedia":[{"embeddable":true,"href":"https:\/\/www.ucse.edu.ar\/notiucse\/wp-json\/wp\/v2\/media\/9209"}],"wp:attachment":[{"href":"https:\/\/www.ucse.edu.ar\/notiucse\/wp-json\/wp\/v2\/media?parent=9208"}],"wp:term":[{"taxonomy":"category","embeddable":true,"href":"https:\/\/www.ucse.edu.ar\/notiucse\/wp-json\/wp\/v2\/categories?post=9208"},{"taxonomy":"post_tag","embeddable":true,"href":"https:\/\/www.ucse.edu.ar\/notiucse\/wp-json\/wp\/v2\/tags?post=9208"}],"curies":[{"name":"wp","href":"https:\/\/api.w.org\/{rel}","templated":true}]}}