{"id":9211,"date":"2024-02-20T13:31:02","date_gmt":"2024-02-20T16:31:02","guid":{"rendered":"http:\/\/www.ucse.edu.ar\/notiucse\/?p=9211"},"modified":"2024-03-01T11:48:05","modified_gmt":"2024-03-01T14:48:05","slug":"se-llevo-a-cabo-la-primera-reunion-2024-del-comite-ejecutivo-y-operativo-del-siciyt","status":"publish","type":"post","link":"https:\/\/www.ucse.edu.ar\/notiucse\/2024\/02\/20\/se-llevo-a-cabo-la-primera-reunion-2024-del-comite-ejecutivo-y-operativo-del-siciyt\/","title":{"rendered":"Se llev\u00f3 a cabo la Primera Reuni\u00f3n 2024 del Comit\u00e9 Ejecutivo y Operativo del SICIYT"},"content":{"rendered":"<p style=\"text-align: justify;\"><a href=\"http:\/\/www.ucse.edu.ar\/notiucse\/wp-content\/uploads\/2024\/02\/Captura-de-pantalla-2024-02-20-130348.png\"><img fetchpriority=\"high\" decoding=\"async\" class=\"alignnone size-full wp-image-9212\" src=\"http:\/\/www.ucse.edu.ar\/notiucse\/wp-content\/uploads\/2024\/02\/Captura-de-pantalla-2024-02-20-130348.png\" alt=\"Captura de pantalla 2024-02-20 130348\" width=\"885\" height=\"426\" srcset=\"https:\/\/www.ucse.edu.ar\/notiucse\/wp-content\/uploads\/2024\/02\/Captura-de-pantalla-2024-02-20-130348.png 885w, https:\/\/www.ucse.edu.ar\/notiucse\/wp-content\/uploads\/2024\/02\/Captura-de-pantalla-2024-02-20-130348-300x144.png 300w\" sizes=\"(max-width: 885px) 100vw, 885px\" \/><\/a>En el Nodo Tecnol\u00f3gico, durante la sesi\u00f3n simult\u00e1nea, en el marco del Convenio de Cooperaci\u00f3n entre el Gobierno de la Provincia, U.C.S.E, U.N.S.E, I.N.T.A e I.N.T.I, se delinearon objetivos anuales en consonancia con el Plan\u00a0 Estrat\u00e9gico de Ciencia, Innovaci\u00f3n y Tecnolog\u00eda (PECIT), as\u00ed como los programas y proyectos conjuntos desde el SICIyT.<\/p>\n<p style=\"text-align: justify;\">El PECIT, plan en el que colabora la Universidad Cat\u00f3lica de Santiago del Estero (U.C.S.E), es el\u00a0resultado de un\u00a0 trabajo colaborativo que involucra al SICIyT, as\u00ed como a m\u00e1s de 35\u00a0instituciones provinciales, m\u00e1s de 30 mesas tem\u00e1ticas y m\u00e1s de 170 especialistas. Esta\u00a0iniciativa es fruto de la colaboraci\u00f3n interinstitucional entre sectores p\u00fablicos y privados,\u00a0liderada por la Secretar\u00eda Ciencia y Tecnolog\u00eda del Gobierno de Santiago del Estero.<\/p>\n<p style=\"text-align: justify;\">Este Plan Estrat\u00e9gico se alinea con las 7 metas del bicentenario de la autonom\u00eda provincial, los lineamientos\u00a0para la transformaci\u00f3n productiva, el plan estrat\u00e9gico territorial y los objetivos de desarrollo\u00a0sostenible en el marco de la Agenda 2030. Representa una hoja de ruta para guiar la\u00a0transformaci\u00f3n de la provincia hacia una sociedad innovadora, sostenible y conectada,\u00a0destacando el desarrollo humano y la generaci\u00f3n de empleo a trav\u00e9s de la ciencia y tecnolog\u00eda.<\/p>\n<p style=\"text-align: justify;\">Entre los participantes del Comit\u00e9 Ejecutivo estuvieron presentes:<\/p>\n<p style=\"text-align: justify;\">\u25aa\ufe0fIng. Adrian Omar Suarez, Secretario de Ciencia y Tecnolog\u00eda del Gobierno de la Provincia de Santiago del Estero.<\/p>\n<p style=\"text-align: justify;\">\u25aa\ufe0f Ing. Luis Eugenio Lucena, Rector de la Universidad Cat\u00f3lica de Santiago del Estero.<\/p>\n<p style=\"text-align: justify;\">\u25aa\ufe0f Ing. Hector R. Paz, Rector de la Universidad Nacional de Santiago del Estero.<\/p>\n<p style=\"text-align: justify;\">\u25aa\ufe0f Ing. Ramiro Casoliba, Subgerente Operativo Regional NOA, Instituto Nacional de Tecnolog\u00eda Industrial.<\/p>\n<p style=\"text-align: justify;\">\u25aa\ufe0f Ing. Luis Erazzu, Director Regional Tucum\u00e1n \u2013 Santiago del Estero, Instituto Nacional de Tecnolog\u00eda Agropecuaria.<\/p>\n<p style=\"text-align: justify;\">\u25aa\ufe0f Ing. Mario Mondino, Director del Instituto Nacional de Tecnolog\u00eda Agropecuaria de la EEA SDE.<\/p>\n<p style=\"text-align: justify;\">\u25aa\ufe0fIng. Gustavo Gerlero, Director del Instituto Nacional de Tecnolog\u00eda Agropecuaria de la EEA Quimil\u00ed.<\/p>\n<p style=\"text-align: justify;\">\u25aa\ufe0f Ing. Marcela Ju\u00e1rez, Vicerrectora de la Universidad Nacional de Santiago del Estero.<\/p>\n<p style=\"text-align: justify;\">\n","protected":false},"excerpt":{"rendered":"<p>En el Nodo Tecnol\u00f3gico, durante la sesi\u00f3n simult\u00e1nea, en el marco del Convenio de Cooperaci\u00f3n entre el Gobierno de la Provincia, U.C.S.E, U.N.S.E, I.N.T.A e I.N.T.I, se delinearon objetivos anuales en consonancia con el Plan\u00a0 Estrat\u00e9gico de Ciencia, Innovaci\u00f3n y Tecnolog\u00eda (PECIT), as\u00ed como los programas y proyectos conjuntos desde el SICIyT. El PECIT, plan [&hellip;]<\/p>\n","protected":false},"author":1,"featured_media":9212,"comment_status":"closed","ping_status":"closed","sticky":false,"template":"","format":"standard","meta":{"_exactmetrics_skip_tracking":false,"_exactmetrics_sitenote_active":false,"_exactmetrics_sitenote_note":"","_exactmetrics_sitenote_category":0,"footnotes":""},"categories":[73,72],"tags":[],"_links":{"self":[{"href":"https:\/\/www.ucse.edu.ar\/notiucse\/wp-json\/wp\/v2\/posts\/9211"}],"collection":[{"href":"https:\/\/www.ucse.edu.ar\/notiucse\/wp-json\/wp\/v2\/posts"}],"about":[{"href":"https:\/\/www.ucse.edu.ar\/notiucse\/wp-json\/wp\/v2\/types\/post"}],"author":[{"embeddable":true,"href":"https:\/\/www.ucse.edu.ar\/notiucse\/wp-json\/wp\/v2\/users\/1"}],"replies":[{"embeddable":true,"href":"https:\/\/www.ucse.edu.ar\/notiucse\/wp-json\/wp\/v2\/comments?post=9211"}],"version-history":[{"count":7,"href":"https:\/\/www.ucse.edu.ar\/notiucse\/wp-json\/wp\/v2\/posts\/9211\/revisions"}],"predecessor-version":[{"id":9577,"href":"https:\/\/www.ucse.edu.ar\/notiucse\/wp-json\/wp\/v2\/posts\/9211\/revisions\/9577"}],"wp:featuredmedia":[{"embeddable":true,"href":"https:\/\/www.ucse.edu.ar\/notiucse\/wp-json\/wp\/v2\/media\/9212"}],"wp:attachment":[{"href":"https:\/\/www.ucse.edu.ar\/notiucse\/wp-json\/wp\/v2\/media?parent=9211"}],"wp:term":[{"taxonomy":"category","embeddable":true,"href":"https:\/\/www.ucse.edu.ar\/notiucse\/wp-json\/wp\/v2\/categories?post=9211"},{"taxonomy":"post_tag","embeddable":true,"href":"https:\/\/www.ucse.edu.ar\/notiucse\/wp-json\/wp\/v2\/tags?post=9211"}],"curies":[{"name":"wp","href":"https:\/\/api.w.org\/{rel}","templated":true}]}}