{"id":9220,"date":"2024-02-21T10:52:20","date_gmt":"2024-02-21T13:52:20","guid":{"rendered":"http:\/\/www.ucse.edu.ar\/notiucse\/?p=9220"},"modified":"2024-03-01T11:49:45","modified_gmt":"2024-03-01T14:49:45","slug":"se-realizo-la-firma-de-convenio-entre-la-universidad-catolica-de-santiago-del-estero-y-la-universidad-complutense-de-madrid","status":"publish","type":"post","link":"https:\/\/www.ucse.edu.ar\/notiucse\/2024\/02\/21\/se-realizo-la-firma-de-convenio-entre-la-universidad-catolica-de-santiago-del-estero-y-la-universidad-complutense-de-madrid\/","title":{"rendered":"Se realiz\u00f3 la firma de convenio entre la Universidad Cat\u00f3lica de Santiago del Estero y la Universidad Complutense de Madrid"},"content":{"rendered":"<p style=\"text-align: justify;\">En el d\u00eda de ayer, se llevaron a cabo las <strong>Jornadas Internacionales de Derecho Administrativo<\/strong> en las instalaciones de la Facultad de Ciencias Pol\u00edticas, Jur\u00eddicas y Sociales de la Universidad Cat\u00f3lica de Santiago del Estero (U.C.S.E). El evento cont\u00f3 con la participaci\u00f3n de destacadas autoridades universitarias, entre ellas el Rector, <strong>Ing. Luis Eugenio Lucena<\/strong>, y la Decana de la Facultad, <strong>Dra. Liliana Abdala<\/strong>.<\/p>\n<p style=\"text-align: justify;\">El <strong>Dr. Ricardo Alonso Garc\u00eda<\/strong>, Catedr\u00e1tico de Derecho Administrativo y Decano de la Facultad de Derecho de la <strong>Universidad Complutense de Madrid<\/strong>, Espa\u00f1a, fue el invitado ilustre de estas Jornadas. Durante su intervenci\u00f3n, ofreci\u00f3 una conferencia sobre el secreto profesional del abogado en Europa, dirigida a todos los inscriptos en el evento.<\/p>\n<p style=\"text-align: justify;\">Posteriormente, se llev\u00f3 a cabo la firma de un <strong>Acuerdo Marco de Colaboraci\u00f3n entre la Universidad Cat\u00f3lica de Santiago del Estero y la Facultad de Derecho de la Universidad Complutense de Madrid<\/strong>. Este convenio, no solo beneficiar\u00e1 a la comunidad acad\u00e9mica y estudiantil, sino que tambi\u00e9n facilitar\u00e1 intercambios acad\u00e9micos entre ambos pa\u00edses y el desarrollo de cursos de actualizaci\u00f3n y capacitaci\u00f3n para profesionales del derecho.<\/p>\n<p style=\"text-align: justify;\"><a href=\"http:\/\/www.ucse.edu.ar\/notiucse\/wp-content\/uploads\/2024\/02\/IMG_4841.jpg\"><img fetchpriority=\"high\" decoding=\"async\" class=\"alignnone size-full wp-image-9225\" src=\"http:\/\/www.ucse.edu.ar\/notiucse\/wp-content\/uploads\/2024\/02\/IMG_4841.jpg\" alt=\"IMG_4841\" width=\"5417\" height=\"3611\" srcset=\"https:\/\/www.ucse.edu.ar\/notiucse\/wp-content\/uploads\/2024\/02\/IMG_4841.jpg 5417w, https:\/\/www.ucse.edu.ar\/notiucse\/wp-content\/uploads\/2024\/02\/IMG_4841-300x200.jpg 300w, https:\/\/www.ucse.edu.ar\/notiucse\/wp-content\/uploads\/2024\/02\/IMG_4841-1024x683.jpg 1024w\" sizes=\"(max-width: 5417px) 100vw, 5417px\" \/><\/a><\/p>\n<p style=\"text-align: justify;\">El Rector de la U.C.S.E, Ing. Luis Eugenio Lucena, expres\u00f3: \u201cA trav\u00e9s de este convenio acad\u00e9mico e institucional, vamos a ser los m\u00e1s beneficiados en el sentido de poder abrevar en la historia de la Universidad Complutense de Madrid\u201d. Adem\u00e1s, se\u00f1al\u00f3 la importancia de la visita del Decano de Derecho y anunci\u00f3 la firma de un protocolo espec\u00edfico que incluir\u00e1 acciones como el intercambio acad\u00e9mico entre docentes de ambas instituciones.<\/p>\n<p style=\"text-align: justify;\">Lucena agradeci\u00f3 a las autoridades de la Universidad Complutense de Madrid por permitir que esta vinculaci\u00f3n institucional se concrete. Concluy\u00f3 afirmando que este v\u00ednculo acad\u00e9mico permitir\u00e1 abrir espacios a otras disciplinas en futuras etapas, mientras anticip\u00f3 la expectativa de recibir al Dr. Ricardo Alonso Garc\u00eda en a\u00f1os venideros.<\/p>\n","protected":false},"excerpt":{"rendered":"<p>En el d\u00eda de ayer, se llevaron a cabo las Jornadas Internacionales de Derecho Administrativo en las instalaciones de la Facultad de Ciencias Pol\u00edticas, Jur\u00eddicas y Sociales de la Universidad Cat\u00f3lica de Santiago del Estero (U.C.S.E). El evento cont\u00f3 con la participaci\u00f3n de destacadas autoridades universitarias, entre ellas el Rector, Ing. Luis Eugenio Lucena, y [&hellip;]<\/p>\n","protected":false},"author":1,"featured_media":9221,"comment_status":"closed","ping_status":"closed","sticky":false,"template":"","format":"standard","meta":{"_exactmetrics_skip_tracking":false,"_exactmetrics_sitenote_active":false,"_exactmetrics_sitenote_note":"","_exactmetrics_sitenote_category":0,"footnotes":""},"categories":[5,73,72],"tags":[],"_links":{"self":[{"href":"https:\/\/www.ucse.edu.ar\/notiucse\/wp-json\/wp\/v2\/posts\/9220"}],"collection":[{"href":"https:\/\/www.ucse.edu.ar\/notiucse\/wp-json\/wp\/v2\/posts"}],"about":[{"href":"https:\/\/www.ucse.edu.ar\/notiucse\/wp-json\/wp\/v2\/types\/post"}],"author":[{"embeddable":true,"href":"https:\/\/www.ucse.edu.ar\/notiucse\/wp-json\/wp\/v2\/users\/1"}],"replies":[{"embeddable":true,"href":"https:\/\/www.ucse.edu.ar\/notiucse\/wp-json\/wp\/v2\/comments?post=9220"}],"version-history":[{"count":7,"href":"https:\/\/www.ucse.edu.ar\/notiucse\/wp-json\/wp\/v2\/posts\/9220\/revisions"}],"predecessor-version":[{"id":9580,"href":"https:\/\/www.ucse.edu.ar\/notiucse\/wp-json\/wp\/v2\/posts\/9220\/revisions\/9580"}],"wp:featuredmedia":[{"embeddable":true,"href":"https:\/\/www.ucse.edu.ar\/notiucse\/wp-json\/wp\/v2\/media\/9221"}],"wp:attachment":[{"href":"https:\/\/www.ucse.edu.ar\/notiucse\/wp-json\/wp\/v2\/media?parent=9220"}],"wp:term":[{"taxonomy":"category","embeddable":true,"href":"https:\/\/www.ucse.edu.ar\/notiucse\/wp-json\/wp\/v2\/categories?post=9220"},{"taxonomy":"post_tag","embeddable":true,"href":"https:\/\/www.ucse.edu.ar\/notiucse\/wp-json\/wp\/v2\/tags?post=9220"}],"curies":[{"name":"wp","href":"https:\/\/api.w.org\/{rel}","templated":true}]}}