{"id":9244,"date":"2024-02-21T12:27:39","date_gmt":"2024-02-21T15:27:39","guid":{"rendered":"http:\/\/www.ucse.edu.ar\/notiucse\/?p=9244"},"modified":"2024-03-07T16:48:42","modified_gmt":"2024-03-07T19:48:42","slug":"oportunidad-unica-convocatoria-abierta-para-integrar-el-coro-de-camara-de-la-u-c-s-e","status":"publish","type":"post","link":"https:\/\/www.ucse.edu.ar\/notiucse\/2024\/02\/21\/oportunidad-unica-convocatoria-abierta-para-integrar-el-coro-de-camara-de-la-u-c-s-e\/","title":{"rendered":"Oportunidad \u00fanica: se lanza la convocatoria para integrar el Coro de C\u00e1mara de la UCSE"},"content":{"rendered":"<p>El Coro de C\u00e1mara de la Universidad Cat\u00f3lica de Santiago del Estero, bajo la direcci\u00f3n del maestro <strong>Mariano Valladares<\/strong>, se complace en anunciar una oportunidad excepcional para todos aquellos amantes del canto que deseen formar parte del Coro.<\/p>\n<p>La <strong>convocatoria est\u00e1 abierta al p\u00fablico en general<\/strong>, y se extiende una cordial invitaci\u00f3n a quienes deseen adicionar para integrar el grupo estable del Coro de C\u00e1mara de la U.C.S.E. La <strong>fecha l\u00edmite para enviar las solicitudes es el pr\u00f3ximo 15 de marzo<\/strong>.<\/p>\n<p>Para participar en este proceso, se requiere escanear el c\u00f3digo QR proporcionado en el flyer y completar el formulario de inscripci\u00f3n correspondiente. Es fundamental destacar que, junto con la solicitud, cada interesado debe <strong>adjuntar un breve video, no mayor a 10 MB, en el cual pueda demostrar su talento vocal.<\/strong><\/p>\n<p><a href=\"http:\/\/www.ucse.edu.ar\/notiucse\/wp-content\/uploads\/2024\/02\/AUDICI\u00d3N-CORO-2024.png\"><img fetchpriority=\"high\" decoding=\"async\" class=\"wp-image-9245 aligncenter\" src=\"http:\/\/www.ucse.edu.ar\/notiucse\/wp-content\/uploads\/2024\/02\/AUDICI\u00d3N-CORO-2024.png\" alt=\"AUDICI\u00d3N CORO 2024\" width=\"500\" height=\"625\" srcset=\"https:\/\/www.ucse.edu.ar\/notiucse\/wp-content\/uploads\/2024\/02\/AUDICI\u00d3N-CORO-2024.png 1080w, https:\/\/www.ucse.edu.ar\/notiucse\/wp-content\/uploads\/2024\/02\/AUDICI\u00d3N-CORO-2024-240x300.png 240w, https:\/\/www.ucse.edu.ar\/notiucse\/wp-content\/uploads\/2024\/02\/AUDICI\u00d3N-CORO-2024-819x1024.png 819w\" sizes=\"(max-width: 500px) 100vw, 500px\" \/><\/a><\/p>\n","protected":false},"excerpt":{"rendered":"<p>El Coro de C\u00e1mara de la Universidad Cat\u00f3lica de Santiago del Estero, bajo la direcci\u00f3n del maestro Mariano Valladares, se complace en anunciar una oportunidad excepcional para todos aquellos amantes del canto que deseen formar parte del Coro. La convocatoria est\u00e1 abierta al p\u00fablico en general, y se extiende una cordial invitaci\u00f3n a quienes deseen [&hellip;]<\/p>\n","protected":false},"author":2,"featured_media":10012,"comment_status":"closed","ping_status":"closed","sticky":false,"template":"","format":"standard","meta":{"_exactmetrics_skip_tracking":false,"_exactmetrics_sitenote_active":false,"_exactmetrics_sitenote_note":"","_exactmetrics_sitenote_category":0,"footnotes":""},"categories":[11,73,72],"tags":[],"_links":{"self":[{"href":"https:\/\/www.ucse.edu.ar\/notiucse\/wp-json\/wp\/v2\/posts\/9244"}],"collection":[{"href":"https:\/\/www.ucse.edu.ar\/notiucse\/wp-json\/wp\/v2\/posts"}],"about":[{"href":"https:\/\/www.ucse.edu.ar\/notiucse\/wp-json\/wp\/v2\/types\/post"}],"author":[{"embeddable":true,"href":"https:\/\/www.ucse.edu.ar\/notiucse\/wp-json\/wp\/v2\/users\/2"}],"replies":[{"embeddable":true,"href":"https:\/\/www.ucse.edu.ar\/notiucse\/wp-json\/wp\/v2\/comments?post=9244"}],"version-history":[{"count":3,"href":"https:\/\/www.ucse.edu.ar\/notiucse\/wp-json\/wp\/v2\/posts\/9244\/revisions"}],"predecessor-version":[{"id":10011,"href":"https:\/\/www.ucse.edu.ar\/notiucse\/wp-json\/wp\/v2\/posts\/9244\/revisions\/10011"}],"wp:featuredmedia":[{"embeddable":true,"href":"https:\/\/www.ucse.edu.ar\/notiucse\/wp-json\/wp\/v2\/media\/10012"}],"wp:attachment":[{"href":"https:\/\/www.ucse.edu.ar\/notiucse\/wp-json\/wp\/v2\/media?parent=9244"}],"wp:term":[{"taxonomy":"category","embeddable":true,"href":"https:\/\/www.ucse.edu.ar\/notiucse\/wp-json\/wp\/v2\/categories?post=9244"},{"taxonomy":"post_tag","embeddable":true,"href":"https:\/\/www.ucse.edu.ar\/notiucse\/wp-json\/wp\/v2\/tags?post=9244"}],"curies":[{"name":"wp","href":"https:\/\/api.w.org\/{rel}","templated":true}]}}