{"id":980,"date":"2014-10-29T15:15:57","date_gmt":"2014-10-29T15:15:57","guid":{"rendered":"http:\/\/www.ucse.edu.ar\/notiucse\/?p=980"},"modified":"2014-10-29T15:33:45","modified_gmt":"2014-10-29T15:33:45","slug":"alumnos-de-la-sede-jujuy-fueron-premiados-durante-la-expocom-realizada-en-la-ciudad-de-mendoza","status":"publish","type":"post","link":"https:\/\/www.ucse.edu.ar\/notiucse\/2014\/10\/29\/alumnos-de-la-sede-jujuy-fueron-premiados-durante-la-expocom-realizada-en-la-ciudad-de-mendoza\/","title":{"rendered":"Alumnos de la Sede Jujuy fueron premiados durante la ExpoCom realizada en la ciudad de Mendoza."},"content":{"rendered":"<p>EXPOCOM es una muestra y concurso anual-nacional que organiza la Federaci\u00f3n Argentina de Carreras de Comunicaci\u00f3n Social (Fadeccos).<\/p>\n<p>Este a\u00f1o se realiz\u00f3 en el centro cultural y de convenciones Le Parc de Guaymall\u00e9n, Mendoza; organizado por la Universidad Juan Agust\u00edn Maza.<\/p>\n<p>Participaron unas 400 piezas comunicativas ingresando a competencia s\u00f3lo aquellas que superaron 60 puntos.<\/p>\n<p>Los jurados Ad hoc para cada categor\u00eda estuvieron conformados por docentes de comunicaci\u00f3n de todo el pa\u00eds.<\/p>\n<p>En dicho evento resultaron premiados alumnos de las carreras de Lic. en Comunicaci\u00f3n Social y Dise\u00f1o de la Comunicaci\u00f3n Visual del DASS en las siguientes categor\u00edas:<\/p>\n<p>-ENTREVISTA RADIOF\u00d3NICA: 2do Premio: \u201cRadio Jujuy\u201d. De Santiago Ojeda y Facundo Org\u00e1z.<\/p>\n<p>-CARTEL-AFICHE: 2do premio: \u201c\u00bfA su medida?\u201d. De Noelia del Pilar Garc\u00eda.<\/p>\n<p>-COMUNICACI\u00d3N PUBLICITARIA: 3er Premio: \u201cSoy Mujer, soy valiosa\u201d. De Luciana Binder.<\/p>\n<p><a href=\"http:\/\/www.ucse.edu.ar\/notiucse\/wp-content\/uploads\/2014\/10\/Sin-t\u00edtulo-1.jpg\"><img fetchpriority=\"high\" decoding=\"async\" class=\"aligncenter size-full wp-image-982\" src=\"http:\/\/www.ucse.edu.ar\/notiucse\/wp-content\/uploads\/2014\/10\/Sin-t\u00edtulo-1.jpg\" alt=\"Sin t\u00edtulo-1\" width=\"2290\" height=\"1354\" srcset=\"https:\/\/www.ucse.edu.ar\/notiucse\/wp-content\/uploads\/2014\/10\/Sin-t\u00edtulo-1.jpg 2290w, https:\/\/www.ucse.edu.ar\/notiucse\/wp-content\/uploads\/2014\/10\/Sin-t\u00edtulo-1-300x177.jpg 300w, https:\/\/www.ucse.edu.ar\/notiucse\/wp-content\/uploads\/2014\/10\/Sin-t\u00edtulo-1-1024x605.jpg 1024w\" sizes=\"(max-width: 2290px) 100vw, 2290px\" \/><\/a><\/p>\n<p><a href=\"http:\/\/www.ucse.edu.ar\/notiucse\/wp-content\/uploads\/2014\/10\/k.jpg\"><img decoding=\"async\" class=\"aligncenter size-full wp-image-981\" src=\"http:\/\/www.ucse.edu.ar\/notiucse\/wp-content\/uploads\/2014\/10\/k.jpg\" alt=\"k\" width=\"1017\" height=\"875\" srcset=\"https:\/\/www.ucse.edu.ar\/notiucse\/wp-content\/uploads\/2014\/10\/k.jpg 1017w, https:\/\/www.ucse.edu.ar\/notiucse\/wp-content\/uploads\/2014\/10\/k-300x258.jpg 300w\" sizes=\"(max-width: 1017px) 100vw, 1017px\" \/><\/a><\/p>\n","protected":false},"excerpt":{"rendered":"<p>EXPOCOM es una muestra y concurso anual-nacional que organiza la Federaci\u00f3n Argentina de Carreras de Comunicaci\u00f3n Social (Fadeccos). Este a\u00f1o se realiz\u00f3 en el centro cultural y de convenciones Le Parc de Guaymall\u00e9n, Mendoza; organizado por la Universidad Juan Agust\u00edn Maza. Participaron unas 400 piezas comunicativas ingresando a competencia s\u00f3lo aquellas que superaron 60 puntos. [&hellip;]<\/p>\n","protected":false},"author":1,"featured_media":982,"comment_status":"closed","ping_status":"closed","sticky":false,"template":"","format":"standard","meta":{"_exactmetrics_skip_tracking":false,"_exactmetrics_sitenote_active":false,"_exactmetrics_sitenote_note":"","_exactmetrics_sitenote_category":0,"footnotes":""},"categories":[19],"tags":[52,30,68,69],"_links":{"self":[{"href":"https:\/\/www.ucse.edu.ar\/notiucse\/wp-json\/wp\/v2\/posts\/980"}],"collection":[{"href":"https:\/\/www.ucse.edu.ar\/notiucse\/wp-json\/wp\/v2\/posts"}],"about":[{"href":"https:\/\/www.ucse.edu.ar\/notiucse\/wp-json\/wp\/v2\/types\/post"}],"author":[{"embeddable":true,"href":"https:\/\/www.ucse.edu.ar\/notiucse\/wp-json\/wp\/v2\/users\/1"}],"replies":[{"embeddable":true,"href":"https:\/\/www.ucse.edu.ar\/notiucse\/wp-json\/wp\/v2\/comments?post=980"}],"version-history":[{"count":1,"href":"https:\/\/www.ucse.edu.ar\/notiucse\/wp-json\/wp\/v2\/posts\/980\/revisions"}],"predecessor-version":[{"id":983,"href":"https:\/\/www.ucse.edu.ar\/notiucse\/wp-json\/wp\/v2\/posts\/980\/revisions\/983"}],"wp:featuredmedia":[{"embeddable":true,"href":"https:\/\/www.ucse.edu.ar\/notiucse\/wp-json\/wp\/v2\/media\/982"}],"wp:attachment":[{"href":"https:\/\/www.ucse.edu.ar\/notiucse\/wp-json\/wp\/v2\/media?parent=980"}],"wp:term":[{"taxonomy":"category","embeddable":true,"href":"https:\/\/www.ucse.edu.ar\/notiucse\/wp-json\/wp\/v2\/categories?post=980"},{"taxonomy":"post_tag","embeddable":true,"href":"https:\/\/www.ucse.edu.ar\/notiucse\/wp-json\/wp\/v2\/tags?post=980"}],"curies":[{"name":"wp","href":"https:\/\/api.w.org\/{rel}","templated":true}]}}